{"id":9963,"date":"2025-05-04T17:05:52","date_gmt":"2025-05-04T15:05:52","guid":{"rendered":"https:\/\/sp22.pl\/nowa\/?p=9963"},"modified":"2025-05-04T18:58:23","modified_gmt":"2025-05-04T16:58:23","slug":"goraczka-zlota-2025-mamy-to","status":"publish","type":"post","link":"https:\/\/sp22.pl\/nowa\/index.php\/2025\/05\/04\/goraczka-zlota-2025-mamy-to\/","title":{"rendered":"Gor\u0105czka Z\u0142ota 2025 &#8211; mamy to!"},"content":{"rendered":"<p><span style=\"color: #000000;\">Szanowni Pa\u0144stwo, Drodzy Uczniowie!<\/span><\/p>\n<p><span style=\"color: #000000;\">To, co si\u0119 wydarzy\u0142o w marcu w naszej szkole, przesz\u0142o naj\u015bmielsze oczekiwania! Akcja \u201eGor\u0105czka Z\u0142ota\u201d zako\u0144czy\u0142a si\u0119 absolutnym sukcesem \u2013 wsp\u00f3lnymi si\u0142ami zebrali\u015bmy a\u017c <strong>7540,59 z\u0142<\/strong> w drobnych monetach!<\/span><\/p>\n<p><span style=\"color: #000000;\">Ka\u017cdy grosz, ka\u017cdy s\u0142oik, ka\u017cda puszka pe\u0142na monet to dow\u00f3d na to, jak wielkie serca ma nasza szkolna spo\u0142eczno\u015b\u0107. To nie by\u0142a zwyk\u0142a zbi\u00f3rka \u2013 to by\u0142 pokaz solidarno\u015bci, zaanga\u017cowania i prawdziwej mocy wsp\u00f3\u0142pracy uczni\u00f3w, rodzic\u00f3w i nauczycieli.<\/span><\/p>\n<p><span style=\"color: #000000;\">W zbi\u00f3rce wzi\u0119\u0142a udzia\u0142 wi\u0119kszo\u015b\u0107 klas. Zwyci\u0119skie klasy (6e oraz 7b), kt\u00f3re uzbiera\u0142y najwi\u0119ksz\u0105 kwot\u0119, mog\u0105 ju\u017c zaciera\u0107 r\u0119ce na tydzie\u0144 bez odpowiedzi ustnych, kartk\u00f3wek i sprawdzian\u00f3w\u2026 oraz NIESPODZIANK\u0118, kt\u00f3ra zostanie ujawniona ju\u017c wkr\u00f3tce!<\/span><\/p>\n<p><span style=\"color: #000000;\">Dlaczego ta akcja by\u0142a tak wa\u017cna?<\/span><br \/>\n<span style=\"color: #000000;\">Bo pokazali\u015bmy, \u017ce nawet z najmniejszych rzeczy \u2013 1, 2, 5 groszy \u2013 mo\u017cna zbudowa\u0107 co\u015b wielkiego. Te \u015brodki zostan\u0105 przekazane na realizacj\u0119 marze\u0144 naszych Uczni\u00f3w, a ka\u017cda moneta przyczyni si\u0119 do tworzenia lepszej przestrzeni dla dzieci.<\/span><\/p>\n<p><span style=\"color: #000000;\">Cz\u0119\u015b\u0107 tej kwoty \u2013 dok\u0142adnie 300 z\u0142 \u2013 zosta\u0142a przekazana na leczenie 6-letniego ch\u0142opca cierpi\u0105cego na dystrofi\u0119 mi\u0119\u015bniow\u0105 Duchenne\u2019a. To niezwykle wa\u017cne, by w naszej spo\u0142eczno\u015bci znale\u017a\u0107 miejsce tak\u017ce na wsparcie tych najbardziej potrzebuj\u0105cych. Dzi\u0119kujemy wszystkim, kt\u00f3rzy do\u0142o\u017cyli swoj\u0105 cegie\u0142k\u0119 do tej pi\u0119knej inicjatywy.<\/span><\/p>\n<p><span style=\"color: #000000;\"><strong>Dzi\u0119kujemy z ca\u0142ego serca<\/strong> wszystkim Uczniom, Rodzicom, Wychowawcom i ka\u017cdemu, kto dorzuci\u0142 cho\u0107by symboliczn\u0105 monet\u0119 do wsp\u00f3lnej skarbonki. Razem naprawd\u0119 mo\u017cemy wszystko!<\/span><\/p>\n<p><span style=\"color: #000000;\">Z dum\u0105 i wdzi\u0119czno\u015bci\u0105<\/span><br \/>\n<span style=\"color: #000000;\">Organizatorki akcji \u201eGor\u0105czka Z\u0142ota\u201d<\/span><br \/>\n<span style=\"color: #000000;\">And\u017celika Kaniewska-\u0141uciakiewicz<\/span><br \/>\n<span style=\"color: #000000;\">Emilia Wrzeszczy\u0144ska<\/span><\/p>\n<p><span style=\"color: #000000;\"><em>Opracowanie materia\u0142u: And\u017celika Kaniewska-\u0141uciakiewicz<\/em><\/span><\/p>\n<p>&nbsp;<\/p>\n","protected":false},"excerpt":{"rendered":"<p>&#46;&#46;&#46;<\/p>\n","protected":false},"author":5,"featured_media":9965,"comment_status":"open","ping_status":"open","sticky":false,"template":"","format":"standard","meta":{"ngg_post_thumbnail":0,"footnotes":""},"categories":[1],"tags":[],"class_list":["post-9963","post","type-post","status-publish","format-standard","has-post-thumbnail","hentry","category-wiadomosci"],"_links":{"self":[{"href":"https:\/\/sp22.pl\/nowa\/index.php\/wp-json\/wp\/v2\/posts\/9963","targetHints":{"allow":["GET"]}}],"collection":[{"href":"https:\/\/sp22.pl\/nowa\/index.php\/wp-json\/wp\/v2\/posts"}],"about":[{"href":"https:\/\/sp22.pl\/nowa\/index.php\/wp-json\/wp\/v2\/types\/post"}],"author":[{"embeddable":true,"href":"https:\/\/sp22.pl\/nowa\/index.php\/wp-json\/wp\/v2\/users\/5"}],"replies":[{"embeddable":true,"href":"https:\/\/sp22.pl\/nowa\/index.php\/wp-json\/wp\/v2\/comments?post=9963"}],"version-history":[{"count":7,"href":"https:\/\/sp22.pl\/nowa\/index.php\/wp-json\/wp\/v2\/posts\/9963\/revisions"}],"predecessor-version":[{"id":9972,"href":"https:\/\/sp22.pl\/nowa\/index.php\/wp-json\/wp\/v2\/posts\/9963\/revisions\/9972"}],"wp:featuredmedia":[{"embeddable":true,"href":"https:\/\/sp22.pl\/nowa\/index.php\/wp-json\/wp\/v2\/media\/9965"}],"wp:attachment":[{"href":"https:\/\/sp22.pl\/nowa\/index.php\/wp-json\/wp\/v2\/media?parent=9963"}],"wp:term":[{"taxonomy":"category","embeddable":true,"href":"https:\/\/sp22.pl\/nowa\/index.php\/wp-json\/wp\/v2\/categories?post=9963"},{"taxonomy":"post_tag","embeddable":true,"href":"https:\/\/sp22.pl\/nowa\/index.php\/wp-json\/wp\/v2\/tags?post=9963"}],"curies":[{"name":"wp","href":"https:\/\/api.w.org\/{rel}","templated":true}]}}