{"id":9723,"date":"2025-04-08T16:22:13","date_gmt":"2025-04-08T14:22:13","guid":{"rendered":"https:\/\/sp22.pl\/nowa\/?p=9723"},"modified":"2025-04-14T07:26:11","modified_gmt":"2025-04-14T05:26:11","slug":"sukces-naszych-uczniow-w-ogolnopolskim-konkursie-matematyczno-informatycznym-instalogik","status":"publish","type":"post","link":"https:\/\/sp22.pl\/nowa\/index.php\/2025\/04\/08\/sukces-naszych-uczniow-w-ogolnopolskim-konkursie-matematyczno-informatycznym-instalogik\/","title":{"rendered":"Sukces naszych uczni\u00f3w w Og\u00f3lnopolskim Konkursie Matematyczno-Informatycznym InstaLogik"},"content":{"rendered":"<p><span style=\"color: #000000;\"><span style=\"font-family: Arial, sans-serif;\"><span style=\"font-size: medium;\">Z rado\u015bci\u0105 informujemy, \u017ce uczniowie naszej szko\u0142y osi\u0105gn\u0119li znakomite wyniki w <\/span><\/span><span style=\"font-family: Arial, sans-serif;\"><span style=\"font-size: medium;\">VI edycji konkursu InstaLogik 2024\/2025<\/span><\/span><span style=\"font-family: Arial, sans-serif;\"><span style=\"font-size: medium;\"> \u2013 Og\u00f3lnopolskim Konkursie Matematyczno-Informatycznym dla uczni\u00f3w klas 4\u20138 szk\u00f3\u0142 podstawowych.<\/span><\/span><\/span><\/p>\n<p><span style=\"font-family: Arial, sans-serif; color: #000000;\"><span style=\"font-size: medium;\">Przypomnijmy, \u017ce w tegorocznej, VI edycji, wystartowa\u0142o a\u017c 22 uczni\u00f3w naszej szko\u0142y. 12 z nich pomy\u015blnie przesz\u0142o etap I i&nbsp;zakwalifikowa\u0142o si\u0119 do etapu II. W wielkim finale zameldowa\u0142o si\u0119 za\u015b 10 spo\u015br\u00f3d wszystkich naszych szkolnych uczestnik\u00f3w.<\/span><\/span><\/p>\n<p><span style=\"color: #000000;\"><span style=\"font-family: Arial, sans-serif;\"><span style=\"font-size: medium;\">Najlepszy wynik po\u015br\u00f3d wszystkich startuj\u0105cych uczni\u00f3w naszej szko\u0142y oraz tytu\u0142 <\/span><\/span><strong><span style=\"font-family: Arial, sans-serif;\"><span style=\"font-size: medium;\">Laureata II miejsca na szczeblu og\u00f3lnopolskim<\/span><\/span><\/strong><span style=\"font-family: Arial, sans-serif;\"><span style=\"font-size: medium;\"><br \/>\n<\/span><\/span><\/span><span style=\"color: #000000;\"><span style=\"font-family: Arial, sans-serif;\"><span style=\"font-size: medium;\">uzyska\u0142 <\/span><\/span><span style=\"font-family: Arial, sans-serif;\"><span style=\"font-size: medium;\">Dominik Michalak<\/span><\/span><span style=\"font-family: Arial, sans-serif;\"><span style=\"font-size: medium;\"> z klasy 6c.<\/span><\/span><\/span><\/p>\n<p><span style=\"color: #000000;\"><span style=\"font-family: Arial, sans-serif;\"><span style=\"font-size: medium;\">Tytu\u0142y <strong>Laureata III miejsca<\/strong> <\/span><\/span><strong><span style=\"font-family: Arial, sans-serif;\"><span style=\"font-size: medium;\">na szczeblu og\u00f3lnopolskim <\/span><\/span><\/strong><span style=\"font-family: Arial, sans-serif;\"><span style=\"font-size: medium;\">uzyskali:<\/span><\/span><\/span><\/p>\n<ul>\n<li><span style=\"font-family: Arial, sans-serif; color: #000000;\"><span style=\"font-size: medium;\">Julian Kluska z klasy 4c,<\/span><\/span><\/li>\n<li><span style=\"font-family: Arial, sans-serif; color: #000000;\"><span style=\"font-size: medium;\">Adrian Przedpe\u0142ski z klasy 4c,<\/span><\/span><\/li>\n<li><span style=\"font-family: Arial, sans-serif; color: #000000;\"><span style=\"font-size: medium;\">Mateusz Duszczyk z klasy 4e,<\/span><\/span><\/li>\n<li><span style=\"font-family: Arial, sans-serif; color: #000000;\"><span style=\"font-size: medium;\">Hubert Le\u015bniewski z klasy 4e,<\/span><\/span><\/li>\n<\/ul>\n<p><span style=\"color: #000000;\"><span style=\"font-family: Arial, sans-serif;\"><span style=\"font-size: medium;\">a tytu\u0142y <\/span><\/span><strong><span style=\"font-family: Arial, sans-serif;\"><span style=\"font-size: medium;\">Finalisty na szczeblu og\u00f3lnopolskim<\/span><\/span><\/strong><span style=\"font-family: Arial, sans-serif;\"><span style=\"font-size: medium;\"> uzyskali:<\/span><\/span><\/span><\/p>\n<ul>\n<li><span style=\"font-family: Arial, sans-serif; color: #000000;\"><span style=\"font-size: medium;\">Micha\u0142 Lewandowski z klasy 4c,<\/span><\/span><\/li>\n<li><span style=\"font-family: Arial, sans-serif; color: #000000;\"><span style=\"font-size: medium;\">Alicja Przedpe\u0142ska z klasy 5b,<\/span><\/span><\/li>\n<li><span style=\"font-family: Arial, sans-serif; color: #000000;\"><span style=\"font-size: medium;\">Marcel Rosiak z klasy 7f,<\/span><\/span><\/li>\n<li><span style=\"font-family: Arial, sans-serif; color: #000000;\"><span style=\"font-size: medium;\">Alicja J\u00f3\u017awiak z klasy 8c.<\/span><\/span><\/li>\n<\/ul>\n<p><span style=\"font-family: Arial, sans-serif; color: #000000;\"><span style=\"font-size: medium;\">Serdecznie gratulujemy wszystkim uczestnikom i \u017cyczymy dalszych sukces\u00f3w!<\/span><\/span><\/p>\n<p><span style=\"color: #000000;\"><span style=\"font-family: Arial, sans-serif;\"><span style=\"font-size: medium;\">Wszystkie wyniki \u2013 <\/span><\/span><strong><a style=\"color: #000000;\" href=\"https:\/\/instalogik.pl\/?page=custom&amp;content=wyniki_6_edycja\" target=\"_blank\" rel=\"noopener\"><span style=\"font-family: Arial, sans-serif;\"><span style=\"font-size: medium;\">TUTAJ<\/span><\/span><\/a><\/strong><\/span><\/p>\n<p align=\"justify\">&nbsp;<\/p>\n<p align=\"justify\"><span style=\"color: #000000;\"><em>Koordynator konkursu: Beata Michalak<\/em><\/span><\/p>\n<p align=\"justify\"><span style=\"color: #000000;\"><em>Opracowanie materia\u0142u: Beata Michalak<\/em><\/span><\/p>\nngg_shortcode_0_placeholder\n<p>&nbsp;<\/p>\n","protected":false},"excerpt":{"rendered":"<p>&#46;&#46;&#46;<\/p>\n","protected":false},"author":8,"featured_media":9724,"comment_status":"open","ping_status":"open","sticky":false,"template":"","format":"standard","meta":{"ngg_post_thumbnail":0,"footnotes":""},"categories":[1],"tags":[],"class_list":["post-9723","post","type-post","status-publish","format-standard","has-post-thumbnail","hentry","category-wiadomosci"],"_links":{"self":[{"href":"https:\/\/sp22.pl\/nowa\/index.php\/wp-json\/wp\/v2\/posts\/9723","targetHints":{"allow":["GET"]}}],"collection":[{"href":"https:\/\/sp22.pl\/nowa\/index.php\/wp-json\/wp\/v2\/posts"}],"about":[{"href":"https:\/\/sp22.pl\/nowa\/index.php\/wp-json\/wp\/v2\/types\/post"}],"author":[{"embeddable":true,"href":"https:\/\/sp22.pl\/nowa\/index.php\/wp-json\/wp\/v2\/users\/8"}],"replies":[{"embeddable":true,"href":"https:\/\/sp22.pl\/nowa\/index.php\/wp-json\/wp\/v2\/comments?post=9723"}],"version-history":[{"count":10,"href":"https:\/\/sp22.pl\/nowa\/index.php\/wp-json\/wp\/v2\/posts\/9723\/revisions"}],"predecessor-version":[{"id":9797,"href":"https:\/\/sp22.pl\/nowa\/index.php\/wp-json\/wp\/v2\/posts\/9723\/revisions\/9797"}],"wp:featuredmedia":[{"embeddable":true,"href":"https:\/\/sp22.pl\/nowa\/index.php\/wp-json\/wp\/v2\/media\/9724"}],"wp:attachment":[{"href":"https:\/\/sp22.pl\/nowa\/index.php\/wp-json\/wp\/v2\/media?parent=9723"}],"wp:term":[{"taxonomy":"category","embeddable":true,"href":"https:\/\/sp22.pl\/nowa\/index.php\/wp-json\/wp\/v2\/categories?post=9723"},{"taxonomy":"post_tag","embeddable":true,"href":"https:\/\/sp22.pl\/nowa\/index.php\/wp-json\/wp\/v2\/tags?post=9723"}],"curies":[{"name":"wp","href":"https:\/\/api.w.org\/{rel}","templated":true}]}}