{"id":9650,"date":"2025-04-03T20:52:32","date_gmt":"2025-04-03T18:52:32","guid":{"rendered":"https:\/\/sp22.pl\/nowa\/?p=9650"},"modified":"2025-04-03T21:29:17","modified_gmt":"2025-04-03T19:29:17","slug":"najglosniejsza-akcja-profilaktyczna-tej-wiosny-w-plocku-badzmy-oryginalni-juz-7-kwietnia-z-telewizyjnym-rozmachem-i-festiwalowa-energia","status":"publish","type":"post","link":"https:\/\/sp22.pl\/nowa\/index.php\/2025\/04\/03\/najglosniejsza-akcja-profilaktyczna-tej-wiosny-w-plocku-badzmy-oryginalni-juz-7-kwietnia-z-telewizyjnym-rozmachem-i-festiwalowa-energia\/","title":{"rendered":"Najg\u0142o\u015bniejsza akcja profilaktyczna tej wiosny w P\u0142ocku! \u201eB\u0105d\u017aMY Oryginalni!\u201d ju\u017c 7 kwietnia z telewizyjnym rozmachem i festiwalow\u0105 energi\u0105!"},"content":{"rendered":"<p><span style=\"color: #000000;\">Uczniowie naszej szko\u0142y z klasy 7d wezm\u0105 udzia\u0142 w najg\u0142o\u015bniejszej akcji profilaktycznej tej wiosny w P\u0142ocku \u2013 <strong data-start=\"110\" data-end=\"134\">\u201eB\u0105d\u017aMY Oryginalni!\u201d<\/strong><\/span><\/p>\n<p><span style=\"color: #000000;\">Ju\u017c w najbli\u017cszy poniedzia\u0142ek, 7 kwietnia, do P\u0142ocka zawita og\u00f3lnopolska akcja \u201eB\u0105d\u017aMY Oryginalni!\u201d \u2013 jedno z&nbsp;najg\u0142o\u015bniejszych wydarze\u0144 profilaktyczno-psychoedukacyjnych tej wiosny! Realizowane pod honorowym patronatem<strong> Rzecznika Praw Dziecka <\/strong>wydarzenie odb\u0119dzie si\u0119 w sali widowiskowej Szko\u0142y Muzycznej.<\/span><\/p>\n<p><span style=\"color: #000000;\">Organizatorem wydarzenia jest <strong>Agencja Profilaktyki Zdrowia Psychicznego \u201eProjektanci Dobrostanu\u201d<\/strong> \u2013 unikalna inicjatywa tworzona przez psycholog\u00f3w i specjalist\u00f3w, kt\u00f3rzy z pasj\u0105 i oddaniem dzia\u0142aj\u0105 na rzecz dobrostanu dzieci i m\u0142odzie\u017cy.<\/span><\/p>\n<p><span style=\"color: #000000;\">Program \u201eB\u0105d\u017aMY Oryginalni!\u201d to nie tylko teoria \u2013 to autorskie spotkania psychoedukacyjne, kt\u00f3re ucz\u0105, inspiruj\u0105 i wzmacniaj\u0105 m\u0142odych ludzi. W centrum uwagi znajd\u0105 si\u0119 tematy oryginalno\u015bci, to\u017csamo\u015bci, relacji, emocji, zdrowia psychicznego <strong>oraz zdrowego stylu \u017cycia, w tym zdrowego od\u017cywiania<\/strong>. Kluczowym elementem programu b\u0119dzie rozw\u00f3j umiej\u0119tno\u015bci spo\u0142ecznych, tak potrzebnych w dzisiejszym \u015bwiecie.<\/span><\/p>\n<p><span style=\"color: #000000;\">Na scenie pojawi si\u0119 troje niezwyk\u0142ych prowadz\u0105cych:<\/span><\/p>\n<ul>\n<li><span style=\"color: #000000;\"><strong>Adrian Zalewski<\/strong> \u2013 psycholog, socjoterapeuta, producent i tw\u00f3rca programu \u201eB\u0105d\u017aMY Oryginalni!\u201d, od lat dzia\u0142aj\u0105cy na rzecz m\u0142odzie\u017cy i profilaktyki.<\/span><\/li>\n<li><span style=\"color: #000000;\"><strong>Ana Zalewska<\/strong> \u2013 psycholog i trener mentalny, wspieraj\u0105ca m\u0142odych ludzi w budowaniu zdrowych nawyk\u00f3w i pewno\u015bci siebie.<\/span><\/li>\n<li><span style=\"color: #000000;\"><strong>Adamo RUDNIK<\/strong> \u2013 artysta m\u0142odego pokolenia, kt\u00f3rego utwory \u2013 takie jak \u201eZawsze do celu\u201d \u2013 zdoby\u0142y szerokie uznanie i sta\u0142y si\u0119 hymnem wielu polskich sportowc\u00f3w. W P\u0142ocku zaprezentuje <strong>nowe utwory<\/strong>, a jego obecno\u015b\u0107 nada wydarzeniu <strong>festiwalowego charakteru<\/strong>.<\/span><\/li>\n<\/ul>\n<p><span style=\"color: #000000;\">Dzi\u0119ki specjalnie przygotowanej scenografii, grze \u015bwiate\u0142 i energii, kt\u00f3r\u0105 wniesie Adamo RUDNIK, w sali zapanuje atmosfera <strong>telewizyjnego talk-show z elementami m\u0142odzie\u017cowego festiwalu<\/strong>. Wszystko po to, by stworzy\u0107 atrakcyjne, nowoczesne warunki do rozmowy o sprawach wa\u017cnych: emocjach, to\u017csamo\u015bci, relacjach i szeroko rozumianym dobrostanie.<\/span><\/p>\n<p><span style=\"color: #000000;\">Go\u015bciem specjalnym wydarzenia b\u0119dzie tak\u017ce <strong>Kejsi<\/strong> \u2013 czworono\u017cna ambasadorka empatii i przyja\u017ani, towarzysz\u0105ca prelegentom i&nbsp;zach\u0119caj\u0105ca do adopcji zwierz\u0105t ze schronisk.<\/span><\/p>\n<p><span style=\"color: #000000;\">Podczas wydarzenia m\u0142odzie\u017c otrzyma <strong>specjalne pakiety profilaktyczne<\/strong>, a w nich <strong>tysi\u0105ce zdrowych sok\u00f3w od partnera wydarzenia \u2013 marki Oryginalny SOK<\/strong>. Nie zabraknie tak\u017ce <strong>plakat\u00f3w, autograf\u00f3w, wsp\u00f3lnych zdj\u0119\u0107 i selfie z artyst\u0105<\/strong>, kt\u00f3re dodatkowo u\u015bwietni\u0105 spotkanie.<\/span><\/p>\n<p><span style=\"color: #000000;\">Akcja w P\u0142ocku realizowana jest w ramach <strong>wiosennej og\u00f3lnopolskiej trasy<\/strong>, kt\u00f3ra w tym roku obejmuje zar\u00f3wno du\u017ce, jak i&nbsp;mniejsze miasta. Spotkanie 7 kwietnia b\u0119dzie okazj\u0105, by wsp\u00f3lnie celebrowa\u0107 \u015awiatowy Dzie\u0144 Zdrowia i porozmawia\u0107 o tym, co naprawd\u0119 wa\u017cne dla m\u0142odego pokolenia.<\/span><\/p>\n<p><span style=\"color: #000000;\">Niech to wydarzenie stanie si\u0119 dla uczni\u00f3w inspiracj\u0105 do bycia sob\u0105, odwagi w wyra\u017caniu siebie i si\u0119gania po marzenia!<\/span><\/p>\nngg_shortcode_0_placeholder\n","protected":false},"excerpt":{"rendered":"<p>&#46;&#46;&#46;<\/p>\n","protected":false},"author":5,"featured_media":9701,"comment_status":"open","ping_status":"open","sticky":false,"template":"","format":"standard","meta":{"ngg_post_thumbnail":0,"footnotes":""},"categories":[1],"tags":[],"class_list":["post-9650","post","type-post","status-publish","format-standard","has-post-thumbnail","hentry","category-wiadomosci"],"_links":{"self":[{"href":"https:\/\/sp22.pl\/nowa\/index.php\/wp-json\/wp\/v2\/posts\/9650","targetHints":{"allow":["GET"]}}],"collection":[{"href":"https:\/\/sp22.pl\/nowa\/index.php\/wp-json\/wp\/v2\/posts"}],"about":[{"href":"https:\/\/sp22.pl\/nowa\/index.php\/wp-json\/wp\/v2\/types\/post"}],"author":[{"embeddable":true,"href":"https:\/\/sp22.pl\/nowa\/index.php\/wp-json\/wp\/v2\/users\/5"}],"replies":[{"embeddable":true,"href":"https:\/\/sp22.pl\/nowa\/index.php\/wp-json\/wp\/v2\/comments?post=9650"}],"version-history":[{"count":9,"href":"https:\/\/sp22.pl\/nowa\/index.php\/wp-json\/wp\/v2\/posts\/9650\/revisions"}],"predecessor-version":[{"id":9707,"href":"https:\/\/sp22.pl\/nowa\/index.php\/wp-json\/wp\/v2\/posts\/9650\/revisions\/9707"}],"wp:featuredmedia":[{"embeddable":true,"href":"https:\/\/sp22.pl\/nowa\/index.php\/wp-json\/wp\/v2\/media\/9701"}],"wp:attachment":[{"href":"https:\/\/sp22.pl\/nowa\/index.php\/wp-json\/wp\/v2\/media?parent=9650"}],"wp:term":[{"taxonomy":"category","embeddable":true,"href":"https:\/\/sp22.pl\/nowa\/index.php\/wp-json\/wp\/v2\/categories?post=9650"},{"taxonomy":"post_tag","embeddable":true,"href":"https:\/\/sp22.pl\/nowa\/index.php\/wp-json\/wp\/v2\/tags?post=9650"}],"curies":[{"name":"wp","href":"https:\/\/api.w.org\/{rel}","templated":true}]}}