{"id":9625,"date":"2025-03-25T07:00:49","date_gmt":"2025-03-25T06:00:49","guid":{"rendered":"https:\/\/sp22.pl\/nowa\/?p=9625"},"modified":"2025-04-01T03:44:00","modified_gmt":"2025-04-01T01:44:00","slug":"wiosenny-kiermasz","status":"publish","type":"post","link":"https:\/\/sp22.pl\/nowa\/index.php\/2025\/03\/25\/wiosenny-kiermasz\/","title":{"rendered":"Wiosenny Kiermasz"},"content":{"rendered":"<p><span style=\"color: #000000;\">W dniach 24 &#8211; 27.03.2025r. \u015arodowisko \u015awietlicy Szkolnej we wsp\u00f3\u0142pracy z Rad\u0105 Rodzic\u00f3w zorganizowa\u0142o &#8222;Wiosenny kiermasz&#8221;, na&nbsp;kt\u00f3rym mo\u017cna by\u0142o kupi\u0107 r\u0119kodzie\u0142o stworzone przez wychowawc\u00f3w \u015bwietlicy szkolnej. Stoisko by\u0142o obficie zape\u0142nione przepi\u0119knymi r\u0119cznie plecionymi wiankami na drzwi, stroikami, breloczkami czy zak\u0142adkami do ksi\u0105\u017cek. Ka\u017cdy, kto przyszed\u0142 i kupi\u0142 co\u015b dla siebie, zrobi\u0142 du\u017co dobrego dla innych. <\/span><br \/>\n<span style=\"color: #000000;\">Ca\u0142kowity doch\u00f3d z kiermaszu, zostanie przeznaczony na rozw\u00f3j uczni\u00f3w z naszej szko\u0142y.<\/span><br \/>\n<span style=\"color: #000000;\">Bardzo dzi\u0119kujemy za tak du\u017ce zainteresowanie naszym kiermaszem.<\/span><\/p>\n<p><em><span style=\"color: #000000;\">Koordynator przedsi\u0119wzi\u0119cia: Justyna Chyrzy\u0144ska <\/span><\/em><br \/>\n<em><span style=\"color: #000000;\">Opracowanie materia\u0142u: Justyna Chyrzy\u0144ska<\/span><\/em><\/p>\n<p><img loading=\"lazy\" decoding=\"async\" class=\"alignnone size-full wp-image-9626\" src=\"https:\/\/sp22.pl\/nowa\/wp-content\/uploads\/2025\/04\/kiermasz-wiosenny_2024_2025.png\" alt=\"\" width=\"652\" height=\"370\" srcset=\"https:\/\/sp22.pl\/nowa\/wp-content\/uploads\/2025\/04\/kiermasz-wiosenny_2024_2025.png 652w, https:\/\/sp22.pl\/nowa\/wp-content\/uploads\/2025\/04\/kiermasz-wiosenny_2024_2025-300x170.png 300w\" sizes=\"auto, (max-width: 652px) 100vw, 652px\" \/><\/p>\n","protected":false},"excerpt":{"rendered":"<p>&#46;&#46;&#46;<\/p>\n","protected":false},"author":4,"featured_media":9627,"comment_status":"open","ping_status":"open","sticky":false,"template":"","format":"standard","meta":{"ngg_post_thumbnail":0,"footnotes":""},"categories":[1],"tags":[],"class_list":["post-9625","post","type-post","status-publish","format-standard","has-post-thumbnail","hentry","category-wiadomosci"],"_links":{"self":[{"href":"https:\/\/sp22.pl\/nowa\/index.php\/wp-json\/wp\/v2\/posts\/9625","targetHints":{"allow":["GET"]}}],"collection":[{"href":"https:\/\/sp22.pl\/nowa\/index.php\/wp-json\/wp\/v2\/posts"}],"about":[{"href":"https:\/\/sp22.pl\/nowa\/index.php\/wp-json\/wp\/v2\/types\/post"}],"author":[{"embeddable":true,"href":"https:\/\/sp22.pl\/nowa\/index.php\/wp-json\/wp\/v2\/users\/4"}],"replies":[{"embeddable":true,"href":"https:\/\/sp22.pl\/nowa\/index.php\/wp-json\/wp\/v2\/comments?post=9625"}],"version-history":[{"count":2,"href":"https:\/\/sp22.pl\/nowa\/index.php\/wp-json\/wp\/v2\/posts\/9625\/revisions"}],"predecessor-version":[{"id":9629,"href":"https:\/\/sp22.pl\/nowa\/index.php\/wp-json\/wp\/v2\/posts\/9625\/revisions\/9629"}],"wp:featuredmedia":[{"embeddable":true,"href":"https:\/\/sp22.pl\/nowa\/index.php\/wp-json\/wp\/v2\/media\/9627"}],"wp:attachment":[{"href":"https:\/\/sp22.pl\/nowa\/index.php\/wp-json\/wp\/v2\/media?parent=9625"}],"wp:term":[{"taxonomy":"category","embeddable":true,"href":"https:\/\/sp22.pl\/nowa\/index.php\/wp-json\/wp\/v2\/categories?post=9625"},{"taxonomy":"post_tag","embeddable":true,"href":"https:\/\/sp22.pl\/nowa\/index.php\/wp-json\/wp\/v2\/tags?post=9625"}],"curies":[{"name":"wp","href":"https:\/\/api.w.org\/{rel}","templated":true}]}}