{"id":9554,"date":"2025-03-28T21:23:24","date_gmt":"2025-03-28T20:23:24","guid":{"rendered":"https:\/\/sp22.pl\/nowa\/?p=9554"},"modified":"2025-12-01T12:16:28","modified_gmt":"2025-12-01T11:16:28","slug":"powiatowy-konkurs-literacki-pisze-ksiazke-rozstrzygniety","status":"publish","type":"post","link":"https:\/\/sp22.pl\/nowa\/index.php\/2025\/03\/28\/powiatowy-konkurs-literacki-pisze-ksiazke-rozstrzygniety\/","title":{"rendered":"Powiatowy Konkurs Literacki &#8222;Pisz\u0119 ksi\u0105\u017ck\u0119&#8221; rozstrzygni\u0119ty!"},"content":{"rendered":"<p><em><span style=\"color: #000000;\">Wyj\u0105tkowy fina\u0142 w p\u0142ockiej szkole czyli m\u0142odzi pisarze, wielkie talenty&#8230;.. <\/span><\/em><\/p>\n<p><span style=\"color: #000000;\">&#8211; tak Tygodnik P\u0142ocki relacjonuje rozstrzygni\u0119cie Powiatowego Konkursu Literackiego &#8222;Pisz\u0119 ksi\u0105\u017ck\u0119&#8221;<\/span><\/p>\n<p><span style=\"color: #000000;\">organizowanego przez nasz\u0105 szko\u0142\u0119.<\/span><\/p>\n<p><span style=\"color: #000000;\">Zapraszamy do lektury.<\/span><\/p>\n<p><a href=\"https:\/\/tp.com.pl\/artykul\/wyjatkowy-final-w-plockiej-n1688300\"><span style=\"color: #000000;\">https:\/\/tp.com.pl\/artykul\/wyjatkowy-final-w-plockiej-n1688300&nbsp;<\/span><\/a><\/p>\n<p><span style=\"color: #000000;\"><em>\u017ar\u00f3d\u0142o: Tygodnik P\u0142ocki<\/em><\/span><\/p>\n<p><span style=\"color: #000000;\"><em>Zdj\u0119cia: Marta Szumska<\/em><\/span><\/p>\n<p>&nbsp;<\/p>\n<p style=\"text-align: center;\"><a href=\"https:\/\/sp22.pl\/nowa\/wp-content\/uploads\/2025\/12\/XXIII-edycja-Powiatowego-Konkursu-Literackiego-Pisze-ksiazke-_-Protokol.pdf\"><span style=\"color: #000000;\">Protok\u00f3\u0142 z XXIII edycji Powiatowego Konkursu Literackiego <em>Pisz\u0119 ksi\u0105\u017ck\u0119<\/em><\/span><\/a><\/p>\nngg_shortcode_0_placeholder\n","protected":false},"excerpt":{"rendered":"<p>&#46;&#46;&#46;<\/p>\n","protected":false},"author":4,"featured_media":9555,"comment_status":"open","ping_status":"open","sticky":false,"template":"","format":"standard","meta":{"ngg_post_thumbnail":0,"footnotes":""},"categories":[1],"tags":[],"class_list":["post-9554","post","type-post","status-publish","format-standard","has-post-thumbnail","hentry","category-wiadomosci"],"_links":{"self":[{"href":"https:\/\/sp22.pl\/nowa\/index.php\/wp-json\/wp\/v2\/posts\/9554","targetHints":{"allow":["GET"]}}],"collection":[{"href":"https:\/\/sp22.pl\/nowa\/index.php\/wp-json\/wp\/v2\/posts"}],"about":[{"href":"https:\/\/sp22.pl\/nowa\/index.php\/wp-json\/wp\/v2\/types\/post"}],"author":[{"embeddable":true,"href":"https:\/\/sp22.pl\/nowa\/index.php\/wp-json\/wp\/v2\/users\/4"}],"replies":[{"embeddable":true,"href":"https:\/\/sp22.pl\/nowa\/index.php\/wp-json\/wp\/v2\/comments?post=9554"}],"version-history":[{"count":10,"href":"https:\/\/sp22.pl\/nowa\/index.php\/wp-json\/wp\/v2\/posts\/9554\/revisions"}],"predecessor-version":[{"id":12775,"href":"https:\/\/sp22.pl\/nowa\/index.php\/wp-json\/wp\/v2\/posts\/9554\/revisions\/12775"}],"wp:featuredmedia":[{"embeddable":true,"href":"https:\/\/sp22.pl\/nowa\/index.php\/wp-json\/wp\/v2\/media\/9555"}],"wp:attachment":[{"href":"https:\/\/sp22.pl\/nowa\/index.php\/wp-json\/wp\/v2\/media?parent=9554"}],"wp:term":[{"taxonomy":"category","embeddable":true,"href":"https:\/\/sp22.pl\/nowa\/index.php\/wp-json\/wp\/v2\/categories?post=9554"},{"taxonomy":"post_tag","embeddable":true,"href":"https:\/\/sp22.pl\/nowa\/index.php\/wp-json\/wp\/v2\/tags?post=9554"}],"curies":[{"name":"wp","href":"https:\/\/api.w.org\/{rel}","templated":true}]}}