{"id":9490,"date":"2025-01-14T07:54:16","date_gmt":"2025-01-14T06:54:16","guid":{"rendered":"https:\/\/sp22.pl\/nowa\/?p=9490"},"modified":"2025-03-24T06:02:59","modified_gmt":"2025-03-24T05:02:59","slug":"konkurs-na-figurke-krola-maciusia-i-rozstrzygniety","status":"publish","type":"post","link":"https:\/\/sp22.pl\/nowa\/index.php\/2025\/01\/14\/konkurs-na-figurke-krola-maciusia-i-rozstrzygniety\/","title":{"rendered":"Konkurs na figurk\u0119 kr\u00f3la Maciusia I rozstrzygni\u0119ty!"},"content":{"rendered":"<p><span style=\"color: #000000;\">Jak co roku w grudniu, obchodzili\u015bmy w naszej szkole Dzie\u0144 Patrona. <\/span><span style=\"color: #000000;\">To \u015bwi\u0119to po\u015bwi\u0119cone Wielkiemu Cz\u0142owiekowi &#8211; Januszowi Korczakowi. Z tej okazji zorganizowali\u015bmy konkurs na figurk\u0119 Kr\u00f3la Maciusia I, bohatera ksi\u0105\u017cki o tym samym tytule, kt\u00f3r\u0105&nbsp;napisa\u0142 Janusz Korczak. Na konkurs dla uczni\u00f3w klas I \u2013 IV wp\u0142yn\u0119\u0142o 55 prac.<\/span><\/p>\n<p><span style=\"color: #000000;\">A oto laureaci: <\/span><br \/>\n<span style=\"color: #000000;\">Hanna Jankowska, kl.1a<\/span><br \/>\n<span style=\"color: #000000;\">Aleksander Michalak, kl.1a<\/span><br \/>\n<span style=\"color: #000000;\">Aleksandra Duda, kl.1a<\/span><br \/>\n<span style=\"color: #000000;\">Hanna W\u0105sowska, kl.1a<\/span><br \/>\n<span style=\"color: #000000;\">Wiktor Wi\u015bniewski, kl.1a<\/span><br \/>\n<span style=\"color: #000000;\">Barbara Krawczy\u0144ska, kl.1b<\/span><br \/>\n<span style=\"color: #000000;\">Jagoda Gadzi\u0144ska, kl.1b<\/span><br \/>\n<span style=\"color: #000000;\">Jakub Kaczmarek, kl.1c<\/span><br \/>\n<span style=\"color: #000000;\">Jan Matysiak, kl.1d<\/span><br \/>\n<span style=\"color: #000000;\">Pola Grodkiewicz, kl.1e<\/span><br \/>\n<span style=\"color: #000000;\">Emil Le\u015bkiewicz, kl.2f<\/span><br \/>\n<span style=\"color: #000000;\">Daniel Su\u0142kowski, kl.2f <\/span><br \/>\n<span style=\"color: #000000;\">Marcelina Banach, kl.3b<\/span><br \/>\n<span style=\"color: #000000;\">Stanis\u0142aw Sztupecki, kl.3b<\/span><br \/>\n<span style=\"color: #000000;\">Laura Kobierecka, kl.3b<\/span><br \/>\n<span style=\"color: #000000;\">Aleksander Sobczak, kl.3c <\/span><br \/>\n<span style=\"color: #000000;\">Maciej Jamowski, kl.3c<\/span><br \/>\n<span style=\"color: #000000;\">Bartosz Czajka, kl.3c<\/span><br \/>\n<span style=\"color: #000000;\">Weronika Soboci\u0144ska, kl.3e<\/span><br \/>\n<span style=\"color: #000000;\">Barbara Sztupecka, kl.4e<\/span><\/p>\n<p><span style=\"color: #000000;\">Nagrody podczas gali wr\u0119cza\u0142a Pani Wicedyrektor Agnieszka Gawli\u0144ska. Uczestnicy konkursu uczestniczyli w sesji zdj\u0119ciowej, a tak\u017ce otrzymali upominki ufundowane przez Szkoln\u0105 Rad\u0119 Rodzic\u00f3w. <\/span><br \/>\n<span style=\"color: #000000;\">Mamy nadziej\u0119, \u017ce konkurs stanie si\u0119 pretekstem do si\u0119gni\u0119cia po ksi\u0105\u017ck\u0119 \u201eKr\u00f3l Maciu\u015b I\u201d.<\/span><\/p>\n<p><em><span style=\"color: #000000;\">Koordynator konkursu: Emilia Heljasi\u0144ska-Schmidt<\/span><\/em><br \/>\n<em><span style=\"color: #000000;\">Opracowanie materia\u0142u: Iwona Blank<\/span><\/em><\/p>\nngg_shortcode_0_placeholder\n","protected":false},"excerpt":{"rendered":"<p>&#46;&#46;&#46;<\/p>\n","protected":false},"author":4,"featured_media":9491,"comment_status":"open","ping_status":"open","sticky":false,"template":"","format":"standard","meta":{"ngg_post_thumbnail":0,"footnotes":""},"categories":[1],"tags":[],"class_list":["post-9490","post","type-post","status-publish","format-standard","has-post-thumbnail","hentry","category-wiadomosci"],"_links":{"self":[{"href":"https:\/\/sp22.pl\/nowa\/index.php\/wp-json\/wp\/v2\/posts\/9490","targetHints":{"allow":["GET"]}}],"collection":[{"href":"https:\/\/sp22.pl\/nowa\/index.php\/wp-json\/wp\/v2\/posts"}],"about":[{"href":"https:\/\/sp22.pl\/nowa\/index.php\/wp-json\/wp\/v2\/types\/post"}],"author":[{"embeddable":true,"href":"https:\/\/sp22.pl\/nowa\/index.php\/wp-json\/wp\/v2\/users\/4"}],"replies":[{"embeddable":true,"href":"https:\/\/sp22.pl\/nowa\/index.php\/wp-json\/wp\/v2\/comments?post=9490"}],"version-history":[{"count":10,"href":"https:\/\/sp22.pl\/nowa\/index.php\/wp-json\/wp\/v2\/posts\/9490\/revisions"}],"predecessor-version":[{"id":9501,"href":"https:\/\/sp22.pl\/nowa\/index.php\/wp-json\/wp\/v2\/posts\/9490\/revisions\/9501"}],"wp:featuredmedia":[{"embeddable":true,"href":"https:\/\/sp22.pl\/nowa\/index.php\/wp-json\/wp\/v2\/media\/9491"}],"wp:attachment":[{"href":"https:\/\/sp22.pl\/nowa\/index.php\/wp-json\/wp\/v2\/media?parent=9490"}],"wp:term":[{"taxonomy":"category","embeddable":true,"href":"https:\/\/sp22.pl\/nowa\/index.php\/wp-json\/wp\/v2\/categories?post=9490"},{"taxonomy":"post_tag","embeddable":true,"href":"https:\/\/sp22.pl\/nowa\/index.php\/wp-json\/wp\/v2\/tags?post=9490"}],"curies":[{"name":"wp","href":"https:\/\/api.w.org\/{rel}","templated":true}]}}