{"id":9448,"date":"2025-02-02T08:00:19","date_gmt":"2025-02-02T07:00:19","guid":{"rendered":"https:\/\/sp22.pl\/nowa\/?p=9448"},"modified":"2025-03-23T19:59:56","modified_gmt":"2025-03-23T18:59:56","slug":"bal-karnawalowy","status":"publish","type":"post","link":"https:\/\/sp22.pl\/nowa\/index.php\/2025\/02\/02\/bal-karnawalowy\/","title":{"rendered":"Bal Karnawa\u0142owy!"},"content":{"rendered":"<p class=\"Textbody\"><span style=\"font-family: Arial, sans-serif; color: #000000;\">Dnia <span class=\"StrongEmphasis\"><span style=\"font-weight: normal;\">28 stycznia 2025<\/span> <\/span><span class=\"StrongEmphasis\"><span style=\"font-weight: normal;\">roku<\/span><\/span> w <span class=\"StrongEmphasis\"><span style=\"font-weight: normal;\">Szkole<\/span> <\/span><span class=\"StrongEmphasis\"><span style=\"font-weight: normal;\">Podstawowej<\/span> <\/span><span class=\"StrongEmphasis\"><span style=\"font-weight: normal;\">nr 22 w P\u0142ocku<\/span><\/span> odby\u0142a si\u0119 <span class=\"StrongEmphasis\"><span style=\"font-weight: normal;\">dyskoteka<\/span> <\/span><span class=\"StrongEmphasis\"><span style=\"font-weight: normal;\">karnawa\u0142owa<\/span><\/span> dla Uczni\u00f3w klas <span class=\"StrongEmphasis\"><span style=\"font-weight: normal;\">4-8<\/span><\/span>.&nbsp;<\/span><\/p>\n<p class=\"Textbody\"><span style=\"font-family: Arial, sans-serif; color: #000000;\">Na pocz\u0105tku Uczniowie zostali przywitani przez Organizator\u00f3w i zaproszeni do wsp\u00f3lnej zabawy.<br \/>\nOpraw\u0105 muzyczn\u0105 zajmowa\u0142 si\u0119 DJ \u2013 pan \u0141ukasz Grocki, kt\u00f3ry zadba\u0142 o to, aby zabrzmia\u0142y najwi\u0119ksze hity, przy kt\u00f3rych Uczniowie ch\u0119tnie ta\u0144czyli. Nad bezpiecze\u0144stwem Uczni\u00f3w czuwali Nauczyciele.<\/span><\/p>\n<p class=\"Textbody\"><span style=\"font-family: Arial, sans-serif; color: #000000;\">Dyskoteka zako\u0144czy\u0142a si\u0119 o godzinie <span class=\"StrongEmphasis\"><span style=\"font-weight: normal;\">19:00<\/span><\/span><b>,<\/b> a uczestnicy wychodzili zadowoleni i pe\u0142ni energii. Wszyscy zgodnie stwierdzili, \u017ce impreza by\u0142a udana i ch\u0119tnie wezm\u0105 udzia\u0142 w kolejnych szkolnych wydarzeniach.<\/span><\/p>\n<p class=\"Textbody\" style=\"margin-bottom: 0cm;\"><em><span style=\"color: #000000;\"><span style=\"font-family: 'Arial',sans-serif;\">Koordynator przedsi\u0119wzi\u0119cia: <\/span><span style=\"font-family: 'Arial',sans-serif;\">Aleksandra Rychter<\/span><\/span><\/em><\/p>\n<p class=\"Textbody\" style=\"margin-bottom: 0cm;\"><span style=\"color: #000000;\"><em><span style=\"font-family: 'Arial',sans-serif;\">Opracowanie materia\u0142u: <\/span><span style=\"font-family: 'Arial',sans-serif;\">Aleksandra Rychter<\/span><\/em><\/span><\/p>\n<p><img loading=\"lazy\" decoding=\"async\" class=\" wp-image-9453 alignleft\" src=\"https:\/\/sp22.pl\/nowa\/wp-content\/uploads\/2025\/03\/foto_1-3-225x300.jpg\" alt=\"Foto_1 : Na zdj\u0119ciu znajduje si\u0119 grupa pi\u0119ciu dziewczynek stoj\u0105cych ko\u0142o siebie, w przebraniach karnawa\u0142owych na tle o\u015bwietlonego na niebiesko forum Szko\u0142y.\" width=\"254\" height=\"339\" srcset=\"https:\/\/sp22.pl\/nowa\/wp-content\/uploads\/2025\/03\/foto_1-3-225x300.jpg 225w, https:\/\/sp22.pl\/nowa\/wp-content\/uploads\/2025\/03\/foto_1-3-768x1024.jpg 768w, https:\/\/sp22.pl\/nowa\/wp-content\/uploads\/2025\/03\/foto_1-3-1152x1536.jpg 1152w, https:\/\/sp22.pl\/nowa\/wp-content\/uploads\/2025\/03\/foto_1-3.jpg 1500w\" sizes=\"auto, (max-width: 254px) 100vw, 254px\" \/><\/p>\n","protected":false},"excerpt":{"rendered":"<p>&#46;&#46;&#46;<\/p>\n","protected":false},"author":5,"featured_media":9449,"comment_status":"open","ping_status":"open","sticky":false,"template":"","format":"standard","meta":{"ngg_post_thumbnail":0,"footnotes":""},"categories":[1],"tags":[],"class_list":["post-9448","post","type-post","status-publish","format-standard","has-post-thumbnail","hentry","category-wiadomosci"],"_links":{"self":[{"href":"https:\/\/sp22.pl\/nowa\/index.php\/wp-json\/wp\/v2\/posts\/9448","targetHints":{"allow":["GET"]}}],"collection":[{"href":"https:\/\/sp22.pl\/nowa\/index.php\/wp-json\/wp\/v2\/posts"}],"about":[{"href":"https:\/\/sp22.pl\/nowa\/index.php\/wp-json\/wp\/v2\/types\/post"}],"author":[{"embeddable":true,"href":"https:\/\/sp22.pl\/nowa\/index.php\/wp-json\/wp\/v2\/users\/5"}],"replies":[{"embeddable":true,"href":"https:\/\/sp22.pl\/nowa\/index.php\/wp-json\/wp\/v2\/comments?post=9448"}],"version-history":[{"count":12,"href":"https:\/\/sp22.pl\/nowa\/index.php\/wp-json\/wp\/v2\/posts\/9448\/revisions"}],"predecessor-version":[{"id":9476,"href":"https:\/\/sp22.pl\/nowa\/index.php\/wp-json\/wp\/v2\/posts\/9448\/revisions\/9476"}],"wp:featuredmedia":[{"embeddable":true,"href":"https:\/\/sp22.pl\/nowa\/index.php\/wp-json\/wp\/v2\/media\/9449"}],"wp:attachment":[{"href":"https:\/\/sp22.pl\/nowa\/index.php\/wp-json\/wp\/v2\/media?parent=9448"}],"wp:term":[{"taxonomy":"category","embeddable":true,"href":"https:\/\/sp22.pl\/nowa\/index.php\/wp-json\/wp\/v2\/categories?post=9448"},{"taxonomy":"post_tag","embeddable":true,"href":"https:\/\/sp22.pl\/nowa\/index.php\/wp-json\/wp\/v2\/tags?post=9448"}],"curies":[{"name":"wp","href":"https:\/\/api.w.org\/{rel}","templated":true}]}}