{"id":9432,"date":"2025-03-21T09:28:28","date_gmt":"2025-03-21T08:28:28","guid":{"rendered":"https:\/\/sp22.pl\/nowa\/?p=9432"},"modified":"2025-03-23T07:17:22","modified_gmt":"2025-03-23T06:17:22","slug":"szkolny-konkurs-na-rebus","status":"publish","type":"post","link":"https:\/\/sp22.pl\/nowa\/index.php\/2025\/03\/21\/szkolny-konkurs-na-rebus\/","title":{"rendered":"Szkolny konkurs na rebus"},"content":{"rendered":"<p align=\"left\"><span style=\"color: #000000;\"><span style=\"font-family: Arial, sans-serif;\">Kreatywno\u015b\u0107, zaanga\u017cowanie i pomys\u0142owo\u015b\u0107 &#8211; to cechy, kt\u00f3rych wymaga\u0142 udzia\u0142 w konkursie na najlepszy rebus. Nasi Uczniowie wykazali si\u0119 talentem plastycznym i j\u0119zykowym, tworz\u0105c dla koleg\u00f3w i kole\u017canek ciekawe zagadki obrazkowe do rozszyfrowania. Dzi\u0119ki Radzie Rodzic\u00f3w naszej szko\u0142y mogli\u015bmy uhonorowa\u0107 autor\u00f3w zwyci\u0119skich prac wspania\u0142ymi nagrodami i dyplomami.<\/span><\/span><\/p>\n<p align=\"left\"><span style=\"font-family: Arial, sans-serif; color: #000000;\">Gratulujemy wszystkim wyr\u00f3\u017cnionym i dzi\u0119kujemy aktywnym Uczniom za udzia\u0142 w konkursie. <\/span><\/p>\n<p align=\"left\"><span style=\"font-family: Arial, sans-serif; color: #000000;\">Zapraszamy na kolejn\u0105 edycj\u0119 w przysz\u0142ym roku szkolnym!<\/span><\/p>\n<p align=\"left\"><span style=\"font-family: Arial, sans-serif; color: #000000;\">Oto lista zwyci\u0119zc\u00f3w:<\/span><\/p>\n<p align=\"left\"><span style=\"color: #000000;\"><span style=\"font-family: Arial, sans-serif;\">&#8211; Mi\u0142osz Przybysz z klasy 1F &#8211; pierwsze miejsce w\u015br\u00f3d uczni\u00f3w klas 1-3,<\/span><\/span><\/p>\n<p align=\"left\"><span style=\"color: #000000;\"><span style=\"font-family: Arial, sans-serif;\">&#8211; Julia K\u0142udczy\u0144ska z klasy 1A &#8211; drugie miejsce w\u015br\u00f3d uczni\u00f3w klas 1-3,<\/span><\/span><\/p>\n<p align=\"left\"><span style=\"color: #000000;\"><span style=\"font-family: Arial, sans-serif;\">&#8211; Ewa Zakrzewska z klasy 6C &#8211; pierwsze miejsce w\u015br\u00f3d uczni\u00f3w klas 4-8,<\/span><\/span><\/p>\n<p align=\"left\"><span style=\"color: #000000;\"><span style=\"font-family: Arial, sans-serif;\">&#8211; Maria Bryk z klasy 5C &#8211; drugie miejsce w\u015br\u00f3d uczni\u00f3w klas 4-8,<\/span><\/span><\/p>\n<p align=\"left\"><span style=\"color: #000000;\"><span style=\"font-family: Arial, sans-serif;\">&#8211; Weronika Soboci\u0144ska z klasy 3E &#8211; wyr\u00f3\u017cnienie.<\/span><\/span><\/p>\n<p align=\"left\"><span style=\"color: #000000;\"><em>Koordynator konkursu: Katarzyna Oziemblewska<\/em><\/span><\/p>\n<p align=\"left\"><em><span style=\"color: #000000;\">Opracowanie materia\u0142u: Katarzyna Oziemblewska<\/span><\/em><\/p>\nngg_shortcode_0_placeholder\n","protected":false},"excerpt":{"rendered":"<p>&#46;&#46;&#46;<\/p>\n","protected":false},"author":8,"featured_media":9435,"comment_status":"open","ping_status":"open","sticky":false,"template":"","format":"standard","meta":{"ngg_post_thumbnail":0,"footnotes":""},"categories":[1],"tags":[],"class_list":["post-9432","post","type-post","status-publish","format-standard","has-post-thumbnail","hentry","category-wiadomosci"],"_links":{"self":[{"href":"https:\/\/sp22.pl\/nowa\/index.php\/wp-json\/wp\/v2\/posts\/9432","targetHints":{"allow":["GET"]}}],"collection":[{"href":"https:\/\/sp22.pl\/nowa\/index.php\/wp-json\/wp\/v2\/posts"}],"about":[{"href":"https:\/\/sp22.pl\/nowa\/index.php\/wp-json\/wp\/v2\/types\/post"}],"author":[{"embeddable":true,"href":"https:\/\/sp22.pl\/nowa\/index.php\/wp-json\/wp\/v2\/users\/8"}],"replies":[{"embeddable":true,"href":"https:\/\/sp22.pl\/nowa\/index.php\/wp-json\/wp\/v2\/comments?post=9432"}],"version-history":[{"count":11,"href":"https:\/\/sp22.pl\/nowa\/index.php\/wp-json\/wp\/v2\/posts\/9432\/revisions"}],"predecessor-version":[{"id":9446,"href":"https:\/\/sp22.pl\/nowa\/index.php\/wp-json\/wp\/v2\/posts\/9432\/revisions\/9446"}],"wp:featuredmedia":[{"embeddable":true,"href":"https:\/\/sp22.pl\/nowa\/index.php\/wp-json\/wp\/v2\/media\/9435"}],"wp:attachment":[{"href":"https:\/\/sp22.pl\/nowa\/index.php\/wp-json\/wp\/v2\/media?parent=9432"}],"wp:term":[{"taxonomy":"category","embeddable":true,"href":"https:\/\/sp22.pl\/nowa\/index.php\/wp-json\/wp\/v2\/categories?post=9432"},{"taxonomy":"post_tag","embeddable":true,"href":"https:\/\/sp22.pl\/nowa\/index.php\/wp-json\/wp\/v2\/tags?post=9432"}],"curies":[{"name":"wp","href":"https:\/\/api.w.org\/{rel}","templated":true}]}}