{"id":9369,"date":"2025-03-14T18:14:54","date_gmt":"2025-03-14T17:14:54","guid":{"rendered":"https:\/\/sp22.pl\/nowa\/?p=9369"},"modified":"2025-03-23T19:20:11","modified_gmt":"2025-03-23T18:20:11","slug":"szkolne-obchody-dnia-kobiet","status":"publish","type":"post","link":"https:\/\/sp22.pl\/nowa\/index.php\/2025\/03\/14\/szkolne-obchody-dnia-kobiet\/","title":{"rendered":"Szkolne Obchody Dnia Kobiet"},"content":{"rendered":"<p><span style=\"color: #000000;\">Dzie\u0144 Kobiet w naszej szkole by\u0142 pe\u0142en rado\u015bci, u\u015bmiechu i wyj\u0105tkowych chwil!<\/span><\/p>\n<p><span style=\"color: #000000;\">7 marca, podczas uroczystej przerwy, Samorz\u0105d Uczniowski uhonorowa\u0142, wybrane w g\u0142osowaniu wszystkich uczni\u00f3w, Najsympatyczniejsze Dziewcz\u0119ta z klas 4-8 oraz Najpopularniejsz\u0105 Nauczycielk\u0119 roku szkolnego 2024\/2025,<br \/>\nkt\u00f3r\u0105 zosta\u0142a Pani&nbsp;Magdalena Wilicka.<\/span><\/p>\n<p><span style=\"color: #000000;\">Zwyci\u0119\u017cczynie otrzyma\u0142y pami\u0105tkowe medale, a wyr\u00f3\u017cniona nauczycielka zosta\u0142a uhonorowana pi\u0119kn\u0105, w\u0142asnor\u0119cznie wykonan\u0105 statuetk\u0105 \u2013 stworzon\u0105 z sercem przez uczennic\u0119 klasy 7a &#8211; Marik\u0119 Szyma\u0144sk\u0105. To wyraz uznania i wdzi\u0119czno\u015bci za ich \u017cyczliwo\u015b\u0107, u\u015bmiech i pozytywn\u0105 energi\u0119, kt\u00f3r\u0105 wnosz\u0105 do naszej szkolnej spo\u0142eczno\u015bci.<\/span><\/p>\n<p><span style=\"color: #000000;\">Po ceremonii ka\u017cdy mia\u0142 okazj\u0119 uwieczni\u0107 ten wyj\u0105tkowy dzie\u0144 w tematycznej fotoramce, robi\u0105c pami\u0105tkowe zdj\u0119cia z przyjaci\u00f3\u0142mi i&nbsp;nauczycielami.<\/span><\/p>\n<p><span style=\"color: #000000;\">Dzi\u0119kujemy wszystkim za zaanga\u017cowanie i cudown\u0105 atmosfer\u0119!<\/span><\/p>\n<p><span style=\"color: #000000;\">Drogie Panie i Dziewcz\u0119ta \u2013 \u017cyczymy Wam, aby\u015bcie zawsze czu\u0142y si\u0119 docenione i wyj\u0105tkowe, nie tylko w Dniu Kobiet!<\/span><\/p>\n<p><span style=\"color: #000000;\">Samorz\u0105d Uczniowski<\/span><\/p>\n<p><span style=\"color: #000000;\"><em>Koordynator przedsi\u0119wzi\u0119cia: Celina Krysi\u0144ska<\/em><\/span><\/p>\n<p><span style=\"color: #000000;\"><em>Opracowanie materia\u0142u: Celina Krysi\u0144ska<\/em><\/span><\/p>\nngg_shortcode_0_placeholder\n","protected":false},"excerpt":{"rendered":"<p>&#46;&#46;&#46;<\/p>\n","protected":false},"author":5,"featured_media":9457,"comment_status":"open","ping_status":"open","sticky":false,"template":"","format":"standard","meta":{"ngg_post_thumbnail":0,"footnotes":""},"categories":[1],"tags":[],"class_list":["post-9369","post","type-post","status-publish","format-standard","has-post-thumbnail","hentry","category-wiadomosci"],"_links":{"self":[{"href":"https:\/\/sp22.pl\/nowa\/index.php\/wp-json\/wp\/v2\/posts\/9369","targetHints":{"allow":["GET"]}}],"collection":[{"href":"https:\/\/sp22.pl\/nowa\/index.php\/wp-json\/wp\/v2\/posts"}],"about":[{"href":"https:\/\/sp22.pl\/nowa\/index.php\/wp-json\/wp\/v2\/types\/post"}],"author":[{"embeddable":true,"href":"https:\/\/sp22.pl\/nowa\/index.php\/wp-json\/wp\/v2\/users\/5"}],"replies":[{"embeddable":true,"href":"https:\/\/sp22.pl\/nowa\/index.php\/wp-json\/wp\/v2\/comments?post=9369"}],"version-history":[{"count":6,"href":"https:\/\/sp22.pl\/nowa\/index.php\/wp-json\/wp\/v2\/posts\/9369\/revisions"}],"predecessor-version":[{"id":9470,"href":"https:\/\/sp22.pl\/nowa\/index.php\/wp-json\/wp\/v2\/posts\/9369\/revisions\/9470"}],"wp:featuredmedia":[{"embeddable":true,"href":"https:\/\/sp22.pl\/nowa\/index.php\/wp-json\/wp\/v2\/media\/9457"}],"wp:attachment":[{"href":"https:\/\/sp22.pl\/nowa\/index.php\/wp-json\/wp\/v2\/media?parent=9369"}],"wp:term":[{"taxonomy":"category","embeddable":true,"href":"https:\/\/sp22.pl\/nowa\/index.php\/wp-json\/wp\/v2\/categories?post=9369"},{"taxonomy":"post_tag","embeddable":true,"href":"https:\/\/sp22.pl\/nowa\/index.php\/wp-json\/wp\/v2\/tags?post=9369"}],"curies":[{"name":"wp","href":"https:\/\/api.w.org\/{rel}","templated":true}]}}