{"id":9097,"date":"2025-02-27T16:32:30","date_gmt":"2025-02-27T15:32:30","guid":{"rendered":"https:\/\/sp22.pl\/nowa\/?p=9097"},"modified":"2025-03-04T12:58:47","modified_gmt":"2025-03-04T11:58:47","slug":"w-naszej-bibliotece-wydarzaja-sie-rzeczy-wyjatkowe","status":"publish","type":"post","link":"https:\/\/sp22.pl\/nowa\/index.php\/2025\/02\/27\/w-naszej-bibliotece-wydarzaja-sie-rzeczy-wyjatkowe\/","title":{"rendered":"W naszej bibliotece&#8230;wydarzaj\u0105 si\u0119 rzeczy wyj\u0105tkowe!"},"content":{"rendered":"<p><span style=\"color: #000000;\">Nic dziwnego, \u017ce w\u0142a\u015bnie tutaj trafi\u0142a ma\u0142a Nini. Mieszkaj\u0105c u ciotki, czu\u0142a si\u0119 samotna i zagubiona. Ze smutku zacz\u0119\u0142a bledn\u0105\u0107, a\u017c sta\u0142a si\u0119 niewidzialna i wreszcie zupe\u0142nie znik\u0142a. Czy to tylko bajka? A mo\u017ce wok\u00f3\u0142 nas s\u0105 niewidzialne dzieci? Jak im pom\u00f3c?<br \/>\nUczniowie z klas trzecich znale\u017ali lekarstwo dla Nini, a tak\u017ce dla wszystkich niewidzialnych. Ponadto, kreatywnie i z wielkim zaanga\u017cowaniem, wykonali postacie Mumink\u00f3w, dzi\u0119ki kt\u00f3rym b\u0119d\u0105 pami\u0119ta\u0107, \u017ce \u201eNajwa\u017cniejsze to by\u0107 z kim\u015b, kto rozumie twoje serce.\u201d (cyt. Muminki, Tove Jansson). <\/span><\/p>\n<p><span style=\"color: #000000;\">Z kolei dzieci z klas drugich spotka\u0142y w bibliotece pewn\u0105 niesforn\u0105 dziewczynk\u0119 ze Szwecji, czyli Pippi, a w\u0142a\u015bciwie Pippilott\u0119 Wiktuali\u0119 Firandell\u0119 Z\u0142otomonett\u0119 Po\u0144czoszank\u0119. Wsp\u00f3lnie obejrza\u0142y fragment filmu \u201ePippi idzie do szko\u0142y\u201d, po czym szuka\u0142y monet i skarbu, uk\u0142ada\u0142y flag\u0119 Szwecji, a tak\u017ce zaplata\u0142y warkoczyki, sznurowa\u0142y buty, zawi\u0105zywa\u0142y kokardy\u2026 A wszystko to na podstawie serii ksi\u0105\u017cek o Pippi szwedzkiej autorki Astrid Lindgren. Zapraszamy do wypo\u017cyczania i czytania.<\/span><\/p>\n<p><span style=\"color: #000000;\">Zaj\u0119cia przygotowa\u0142a i przeprowadzi\u0142a Pani Emilia Heljasi\u0144ska-Schmidt ze Stowarzyszenia TRAKT.<\/span><br \/>\n<span style=\"color: #000000;\">To by\u0142 wspania\u0142y czas pe\u0142en inspiruj\u0105cych spotka\u0144 i kolor\u00f3w! <\/span><br \/>\n<span style=\"color: #000000;\">Wsp\u00f3lnie tworzymy miejsce pe\u0142ne pasji do literatury! Dzi\u0119kujemy!<\/span><\/p>\n<p><span style=\"color: #000000;\"><em>Opracowanie materia\u0142u: Iwona Blank<\/em><\/span><\/p>\nngg_shortcode_0_placeholder\n","protected":false},"excerpt":{"rendered":"<p>&#46;&#46;&#46;<\/p>\n","protected":false},"author":4,"featured_media":9108,"comment_status":"open","ping_status":"open","sticky":false,"template":"","format":"standard","meta":{"ngg_post_thumbnail":0,"footnotes":""},"categories":[1],"tags":[],"class_list":["post-9097","post","type-post","status-publish","format-standard","has-post-thumbnail","hentry","category-wiadomosci"],"_links":{"self":[{"href":"https:\/\/sp22.pl\/nowa\/index.php\/wp-json\/wp\/v2\/posts\/9097","targetHints":{"allow":["GET"]}}],"collection":[{"href":"https:\/\/sp22.pl\/nowa\/index.php\/wp-json\/wp\/v2\/posts"}],"about":[{"href":"https:\/\/sp22.pl\/nowa\/index.php\/wp-json\/wp\/v2\/types\/post"}],"author":[{"embeddable":true,"href":"https:\/\/sp22.pl\/nowa\/index.php\/wp-json\/wp\/v2\/users\/4"}],"replies":[{"embeddable":true,"href":"https:\/\/sp22.pl\/nowa\/index.php\/wp-json\/wp\/v2\/comments?post=9097"}],"version-history":[{"count":3,"href":"https:\/\/sp22.pl\/nowa\/index.php\/wp-json\/wp\/v2\/posts\/9097\/revisions"}],"predecessor-version":[{"id":9188,"href":"https:\/\/sp22.pl\/nowa\/index.php\/wp-json\/wp\/v2\/posts\/9097\/revisions\/9188"}],"wp:featuredmedia":[{"embeddable":true,"href":"https:\/\/sp22.pl\/nowa\/index.php\/wp-json\/wp\/v2\/media\/9108"}],"wp:attachment":[{"href":"https:\/\/sp22.pl\/nowa\/index.php\/wp-json\/wp\/v2\/media?parent=9097"}],"wp:term":[{"taxonomy":"category","embeddable":true,"href":"https:\/\/sp22.pl\/nowa\/index.php\/wp-json\/wp\/v2\/categories?post=9097"},{"taxonomy":"post_tag","embeddable":true,"href":"https:\/\/sp22.pl\/nowa\/index.php\/wp-json\/wp\/v2\/tags?post=9097"}],"curies":[{"name":"wp","href":"https:\/\/api.w.org\/{rel}","templated":true}]}}