{"id":9067,"date":"2025-02-27T20:19:59","date_gmt":"2025-02-27T19:19:59","guid":{"rendered":"https:\/\/sp22.pl\/nowa\/?p=9067"},"modified":"2025-02-28T03:44:44","modified_gmt":"2025-02-28T02:44:44","slug":"wizyta-pana-lukasza-jankowskiego-zastepcy-prezydenta-miasta-plocka-ds-polityki-spolecznej","status":"publish","type":"post","link":"https:\/\/sp22.pl\/nowa\/index.php\/2025\/02\/27\/wizyta-pana-lukasza-jankowskiego-zastepcy-prezydenta-miasta-plocka-ds-polityki-spolecznej\/","title":{"rendered":"Wizyta Pana \u0141ukasza Jankowskiego &#8211; Zast\u0119pcy Prezydenta Miasta P\u0142ocka ds. Polityki Spo\u0142ecznej"},"content":{"rendered":"<p><span style=\"color: #000000;\">W pi\u0105tek, 21 lutego 2025r., go\u015bciem naszej Szko\u0142y by\u0142 Pan \u0141ukasz Jankowski &#8211; Zast\u0119pca Prezydenta Miasta P\u0142ocka <\/span><span style=\"color: #000000;\"><br \/>\nds. Polityki Spo\u0142ecznej. <\/span><br \/>\n<span style=\"color: #000000;\">Pan Prezydent spotka\u0142 si\u0119 z Paniami zarz\u0105dzaj\u0105cymi nasz\u0105 plac\u00f3wk\u0105, a spotkanie dotyczy\u0142o przysz\u0142o\u015bci i kierunk\u00f3w rozwoju naszej Szko\u0142y.<\/span><\/p>\n<p><span style=\"color: #000000;\">Pan Prezydent:<\/span><br \/>\n<span style=\"color: #000000;\">\u2022 odwiedzi\u0142 Uczni\u00f3w w trakcie lekcji chemii,<\/span><br \/>\n<span style=\"color: #000000;\">\u2022 rozmawia\u0142 z Dzie\u0107mi o ich ulubionych grach, ogl\u0105daj\u0105c now\u0105 pracowni\u0119 informatyczn\u0105,<\/span><br \/>\n<span style=\"color: #000000;\">\u2022 konwersowa\u0142 chwil\u0119 po angielsku, <\/span><br \/>\n<span style=\"color: #000000;\">\u2022 wzi\u0105\u0142 udzia\u0142 w minikoncercie z wykorzystaniem bum bum rurek,<\/span><br \/>\n<span style=\"color: #000000;\">\u2022 mia\u0142 okazj\u0119 wprawia\u0107 si\u0119 w p\u0142ynnym czytaniu trudnych wyraz\u00f3w w trakcie zaj\u0119\u0107 w szkolnej bibliotece,<\/span><br \/>\n<span style=\"color: #000000;\">\u2022 odwiedzi\u0142 Pana Micha\u0142a Parzucha, jednego ze swoich pierwszych nauczycieli wychowania fizycznego,<\/span><br \/>\n<span style=\"color: #000000;\">\u2022 pyta\u0142 o samopoczucie i szkolne wra\u017cenia Pierwszoklasist\u00f3w z oddzia\u0142u integracyjnego,<\/span><br \/>\n<span style=\"color: #000000;\">\u2022 rozmawia\u0142 o historii Szko\u0142y z Trzecioklasistami.<\/span><br \/>\n<span style=\"color: #000000;\"><br \/>\nPan Prezydent znalaz\u0142 te\u017c czas, aby obejrze\u0107 szko\u0142\u0119 od piwnic a\u017c po dach i porozmawia\u0107 o tym, co w naszej Szkole dzia\u0142a \u015bwietnie,<br \/>\n<\/span><span style=\"color: #000000;\"> a co wymaga usprawnienia. Chwali\u0142 nas za wiele ciekawych rozwi\u0105za\u0144. Jako ucze\u0144 naszej Szko\u0142y Pan Prezydent wspomina\u0142 r\u00f3wnie\u017c swoich Koleg\u00f3w i Nauczycieli, a tak\u017ce odwiedza\u0142 miejsca, w kt\u00f3rych kiedy\u015b mia\u0142 lekcje.<br \/>\n<\/span><br \/>\n<strong><span style=\"color: #000000;\">Panie Prezydencie, dzi\u0119kujemy. To by\u0142o bardzo mi\u0142e spotkanie!<\/span><\/strong><\/p>\n<p><em><span style=\"color: #000000;\">Opracowanie materia\u0142u: Marta Szumska<\/span><\/em><\/p>\nngg_shortcode_0_placeholder\n","protected":false},"excerpt":{"rendered":"<p>&#46;&#46;&#46;<\/p>\n","protected":false},"author":4,"featured_media":9069,"comment_status":"open","ping_status":"open","sticky":false,"template":"","format":"standard","meta":{"ngg_post_thumbnail":0,"footnotes":""},"categories":[1],"tags":[],"class_list":["post-9067","post","type-post","status-publish","format-standard","has-post-thumbnail","hentry","category-wiadomosci"],"_links":{"self":[{"href":"https:\/\/sp22.pl\/nowa\/index.php\/wp-json\/wp\/v2\/posts\/9067","targetHints":{"allow":["GET"]}}],"collection":[{"href":"https:\/\/sp22.pl\/nowa\/index.php\/wp-json\/wp\/v2\/posts"}],"about":[{"href":"https:\/\/sp22.pl\/nowa\/index.php\/wp-json\/wp\/v2\/types\/post"}],"author":[{"embeddable":true,"href":"https:\/\/sp22.pl\/nowa\/index.php\/wp-json\/wp\/v2\/users\/4"}],"replies":[{"embeddable":true,"href":"https:\/\/sp22.pl\/nowa\/index.php\/wp-json\/wp\/v2\/comments?post=9067"}],"version-history":[{"count":6,"href":"https:\/\/sp22.pl\/nowa\/index.php\/wp-json\/wp\/v2\/posts\/9067\/revisions"}],"predecessor-version":[{"id":9074,"href":"https:\/\/sp22.pl\/nowa\/index.php\/wp-json\/wp\/v2\/posts\/9067\/revisions\/9074"}],"wp:featuredmedia":[{"embeddable":true,"href":"https:\/\/sp22.pl\/nowa\/index.php\/wp-json\/wp\/v2\/media\/9069"}],"wp:attachment":[{"href":"https:\/\/sp22.pl\/nowa\/index.php\/wp-json\/wp\/v2\/media?parent=9067"}],"wp:term":[{"taxonomy":"category","embeddable":true,"href":"https:\/\/sp22.pl\/nowa\/index.php\/wp-json\/wp\/v2\/categories?post=9067"},{"taxonomy":"post_tag","embeddable":true,"href":"https:\/\/sp22.pl\/nowa\/index.php\/wp-json\/wp\/v2\/tags?post=9067"}],"curies":[{"name":"wp","href":"https:\/\/api.w.org\/{rel}","templated":true}]}}