{"id":9024,"date":"2025-02-17T05:53:27","date_gmt":"2025-02-17T04:53:27","guid":{"rendered":"https:\/\/sp22.pl\/nowa\/?p=9024"},"modified":"2025-02-27T05:08:46","modified_gmt":"2025-02-27T04:08:46","slug":"bal-karnawalowy-klas-1-3-2","status":"publish","type":"post","link":"https:\/\/sp22.pl\/nowa\/index.php\/2025\/02\/17\/bal-karnawalowy-klas-1-3-2\/","title":{"rendered":"Bal karnawa\u0142owy klas 1-3"},"content":{"rendered":"<p><span style=\"color: #000000;\"><strong>Jak co roku, w karnawale, wszyscy bawi\u0105 si\u0119 wspaniale!!!<\/strong><\/span><\/p>\n<p><span style=\"color: #000000;\">Bal karnawa\u0142owy to dla Dzieci niezwyk\u0142y dzie\u0144, pe\u0142en rado\u015bci, mn\u00f3stwa pozytywnych prze\u017cy\u0107 i cudownych atrakcji. Wy\u015bmienita zabawa, dobra muzyka, doborowe towarzystwo, wymy\u015blne stroje&#8230; oto cechy okre\u015blaj\u0105ce imprez\u0119, kt\u00f3ra odby\u0142a si\u0119 w naszej szkole 30 stycznia.<\/span><\/p>\n<p><span style=\"color: #000000;\">Tu\u017c przed rozpocz\u0119ciem ferii zimowych, nasi Uczniowie mieli okazj\u0119 celebrowa\u0107 wsp\u00f3lnie czas podczas tanecznej zabawy.<br \/>\n<\/span><span style=\"color: #000000;\">Karnawa\u0142 to mi\u0142a tradycja, kt\u00f3r\u0105 przepe\u0142nia wyj\u0105tkowa atmosfera tworzona przez uczestnik\u00f3w uroczysto\u015bci, opraw\u0119 muzyczn\u0105 i&nbsp;sceneri\u0119.<\/span><\/p>\n<p><span style=\"color: #000000;\">W trakcie imprezy Uczniowie bawili si\u0119 razem na sali gimnastycznej szko\u0142y, a tak\u017ce sp\u0119dzali czas w salach lekcyjnych, degustuj\u0105c s\u0142odkie pocz\u0119stunki. Ju\u017c od rana w murach naszej szko\u0142y zago\u015bci\u0142y r\u00f3\u017cnobarwne postacie. Mogli\u015bmy spotka\u0107 wiele uroczych ksi\u0119\u017cniczek, dzielnych superbohater\u00f3w, niezwyk\u0142e postacie z film\u00f3w i bajek, s\u0142awnych pi\u0142karzy, a nawet&#8230; kosmit\u0119!<\/span><\/p>\n<p><span style=\"color: #000000;\">Wyta\u0144czeni, wy\u015bpiewani, wybawieni Uczniowie niech\u0119tnie opuszczali sal\u0119 balow\u0105, dopytuj\u0105c ju\u017c o termin kolejnej uroczysto\u015bci.<br \/>\nZatem nie pozostaje nam nic innego jak zaplanowanie przysz\u0142orocznego balu karnawa\u0142owego!<\/span><\/p>\n<p><span style=\"color: #000000;\">Serdecznie podzi\u0119kowania nale\u017c\u0105 si\u0119 panu \u0141ukaszowi Grockiemu, nauczycielowi muzyki, kt\u00f3ry by\u0142 wodzirejem uroczysto\u015bci i sprawi\u0142, \u017ce&nbsp;wszyscy Uczniowie zapami\u0119taj\u0105 ten bal na d\u0142ugo.&nbsp;<\/span><\/p>\n<p><em><span style=\"color: #000000;\">Koordynatorzy przedsi\u0119wzi\u0119cia: Natalia Szwech, Anna Dymek<\/span><\/em><\/p>\n<p><em><span style=\"color: #000000;\">Opracowanie materia\u0142u: Natalia Szwech<\/span><\/em><\/p>\nngg_shortcode_0_placeholder\n","protected":false},"excerpt":{"rendered":"<p>&#46;&#46;&#46;<\/p>\n","protected":false},"author":4,"featured_media":9025,"comment_status":"open","ping_status":"open","sticky":false,"template":"","format":"standard","meta":{"ngg_post_thumbnail":0,"footnotes":""},"categories":[1],"tags":[],"class_list":["post-9024","post","type-post","status-publish","format-standard","has-post-thumbnail","hentry","category-wiadomosci"],"_links":{"self":[{"href":"https:\/\/sp22.pl\/nowa\/index.php\/wp-json\/wp\/v2\/posts\/9024","targetHints":{"allow":["GET"]}}],"collection":[{"href":"https:\/\/sp22.pl\/nowa\/index.php\/wp-json\/wp\/v2\/posts"}],"about":[{"href":"https:\/\/sp22.pl\/nowa\/index.php\/wp-json\/wp\/v2\/types\/post"}],"author":[{"embeddable":true,"href":"https:\/\/sp22.pl\/nowa\/index.php\/wp-json\/wp\/v2\/users\/4"}],"replies":[{"embeddable":true,"href":"https:\/\/sp22.pl\/nowa\/index.php\/wp-json\/wp\/v2\/comments?post=9024"}],"version-history":[{"count":10,"href":"https:\/\/sp22.pl\/nowa\/index.php\/wp-json\/wp\/v2\/posts\/9024\/revisions"}],"predecessor-version":[{"id":9035,"href":"https:\/\/sp22.pl\/nowa\/index.php\/wp-json\/wp\/v2\/posts\/9024\/revisions\/9035"}],"wp:featuredmedia":[{"embeddable":true,"href":"https:\/\/sp22.pl\/nowa\/index.php\/wp-json\/wp\/v2\/media\/9025"}],"wp:attachment":[{"href":"https:\/\/sp22.pl\/nowa\/index.php\/wp-json\/wp\/v2\/media?parent=9024"}],"wp:term":[{"taxonomy":"category","embeddable":true,"href":"https:\/\/sp22.pl\/nowa\/index.php\/wp-json\/wp\/v2\/categories?post=9024"},{"taxonomy":"post_tag","embeddable":true,"href":"https:\/\/sp22.pl\/nowa\/index.php\/wp-json\/wp\/v2\/tags?post=9024"}],"curies":[{"name":"wp","href":"https:\/\/api.w.org\/{rel}","templated":true}]}}