{"id":8957,"date":"2025-02-10T09:01:30","date_gmt":"2025-02-10T08:01:30","guid":{"rendered":"https:\/\/sp22.pl\/nowa\/?p=8957"},"modified":"2025-02-24T05:30:45","modified_gmt":"2025-02-24T04:30:45","slug":"janusz-korczak-patron-dzieciecych-marzen","status":"publish","type":"post","link":"https:\/\/sp22.pl\/nowa\/index.php\/2025\/02\/10\/janusz-korczak-patron-dzieciecych-marzen\/","title":{"rendered":"Janusz Korczak &#8211; Patron Dzieci\u0119cych Marze\u0144"},"content":{"rendered":"<p><span style=\"color: #000000;\">W styczniu w naszej szkole odby\u0142o si\u0119 przedstawienie z okazji Dnia Patrona Szko\u0142y.<\/span><\/p>\n<p><span style=\"color: #000000;\">Pierwszoklasi\u015bci mogli w przyst\u0119pny spos\u00f3b pozna\u0107 histori\u0119 \u017cycia Janusza Korczaka, warto\u015bci jakimi si\u0119 kierowa\u0142 oraz zrozumie\u0107 co to znaczy, \u017ce jest patronem naszej szko\u0142y.<\/span><br \/>\n<span style=\"color: #000000;\">W przedwojenny \u015bwiat zabra\u0142a nas dziewczynka z Domu Sierot &#8211; Stefcia, kt\u00f3ra przenios\u0142a si\u0119 w czasie za pomoc\u0105 reporterskiego portalu czasu. Dzieci z przysz\u0142o\u015bci mog\u0142y pozna\u0107 jej histori\u0119. Magiczne radio czasu pozwoli\u0142o na ods\u0142uchanie wywiadu z Januszem Korczakiem przeprowadzonego przez uczennic\u0119 naszej szko\u0142y.<\/span><\/p>\n<p><span style=\"color: #000000;\">Pierwszoklasi\u015bci przynie\u015bli ze sob\u0105 narysowane marzenia, kt\u00f3re zosta\u0142y wrzucone do magicznego garnka i ugotowane przez kucharza zgodnie z receptur\u0105 na marze\u0144 spe\u0142nienie. Wr\u00f3\u017cki posypa\u0142y ka\u017cde marzenie gar\u015bci\u0105 wiary w jego spe\u0142nienie.<\/span><\/p>\n<p><span style=\"color: #000000;\">Na przedstawieniu zago\u015bci\u0142 r\u00f3wnie\u017c bohater jednej z ksi\u0105\u017cek Janusza Korczaka \u2013 Kr\u00f3l Maciu\u015b Pierwszy. Po uroczystej przysi\u0119dze pasowa\u0142 pierwszoklasist\u00f3w na uczni\u00f3w Janusza Korczaka co zosta\u0142o zwie\u0144czone pami\u0105tkowym medalem dla ka\u017cdego ucznia.<\/span><\/p>\n<p><span style=\"color: #000000;\">Zgodnie z mottem naszego Patrona: \u201eKiedy \u015bmieje si\u0119 dziecko, \u015bmieje si\u0119 ca\u0142y \u015bwiat\u201d Kr\u00f3l zaprosi\u0142 dzieci na bal \u2013 \u201eNa dworze u Kr\u00f3la Maciusia\u201d. Zabawom i u\u015bmiechom dzieci nie by\u0142o ko\u0144ca pod okiem nauczycieli oraz starszych kole\u017canek z klas \u00f3smych, kt\u00f3re pe\u0142ni\u0142y rol\u0119 animator\u00f3w. Mamy nadziej\u0119, \u017ce rado\u015b\u0107 i m\u0105dro\u015b\u0107 p\u0142yn\u0105ca z pedagogiki Korczaka b\u0119dzie towarzyszy\u0142a zar\u00f3wno uczniom jak i&nbsp;nauczycielom przez ca\u0142y rok szkolny.<\/span><\/p>\n<p><em><span style=\"color: #000000;\">Koordynator uroczysto\u015bci: Martyna Skrodzka<\/span><\/em><\/p>\n<p><em><span style=\"color: #000000;\">Opracowanie materia\u0142u: Martyna Skrodzka<\/span><\/em><\/p>\nngg_shortcode_0_placeholder\n","protected":false},"excerpt":{"rendered":"<p>&#46;&#46;&#46;<\/p>\n","protected":false},"author":4,"featured_media":8958,"comment_status":"open","ping_status":"open","sticky":false,"template":"","format":"standard","meta":{"ngg_post_thumbnail":0,"footnotes":""},"categories":[1],"tags":[],"class_list":["post-8957","post","type-post","status-publish","format-standard","has-post-thumbnail","hentry","category-wiadomosci"],"_links":{"self":[{"href":"https:\/\/sp22.pl\/nowa\/index.php\/wp-json\/wp\/v2\/posts\/8957","targetHints":{"allow":["GET"]}}],"collection":[{"href":"https:\/\/sp22.pl\/nowa\/index.php\/wp-json\/wp\/v2\/posts"}],"about":[{"href":"https:\/\/sp22.pl\/nowa\/index.php\/wp-json\/wp\/v2\/types\/post"}],"author":[{"embeddable":true,"href":"https:\/\/sp22.pl\/nowa\/index.php\/wp-json\/wp\/v2\/users\/4"}],"replies":[{"embeddable":true,"href":"https:\/\/sp22.pl\/nowa\/index.php\/wp-json\/wp\/v2\/comments?post=8957"}],"version-history":[{"count":5,"href":"https:\/\/sp22.pl\/nowa\/index.php\/wp-json\/wp\/v2\/posts\/8957\/revisions"}],"predecessor-version":[{"id":8963,"href":"https:\/\/sp22.pl\/nowa\/index.php\/wp-json\/wp\/v2\/posts\/8957\/revisions\/8963"}],"wp:featuredmedia":[{"embeddable":true,"href":"https:\/\/sp22.pl\/nowa\/index.php\/wp-json\/wp\/v2\/media\/8958"}],"wp:attachment":[{"href":"https:\/\/sp22.pl\/nowa\/index.php\/wp-json\/wp\/v2\/media?parent=8957"}],"wp:term":[{"taxonomy":"category","embeddable":true,"href":"https:\/\/sp22.pl\/nowa\/index.php\/wp-json\/wp\/v2\/categories?post=8957"},{"taxonomy":"post_tag","embeddable":true,"href":"https:\/\/sp22.pl\/nowa\/index.php\/wp-json\/wp\/v2\/tags?post=8957"}],"curies":[{"name":"wp","href":"https:\/\/api.w.org\/{rel}","templated":true}]}}