{"id":8903,"date":"2025-02-05T15:00:42","date_gmt":"2025-02-05T14:00:42","guid":{"rendered":"https:\/\/sp22.pl\/nowa\/?p=8903"},"modified":"2025-02-23T21:34:50","modified_gmt":"2025-02-23T20:34:50","slug":"8903","status":"publish","type":"post","link":"https:\/\/sp22.pl\/nowa\/index.php\/2025\/02\/05\/8903\/","title":{"rendered":"Najpi\u0119kniejsza \u015bwi\u0105teczna dekoracja sali &#8211; konkurs dla klas I-III"},"content":{"rendered":"<p><span style=\"color: #000000;\">29 stycznia odby\u0142o si\u0119 uroczyste wr\u0119czenie dyplom\u00f3w i nagr\u00f3d w konkursie na \u201eNajpi\u0119kniejsz\u0105, \u015bwi\u0105teczn\u0105 dekoracj\u0119 sali&#8221; organizowanym przez Samorz\u0105d Uczniowski, a dedykowanym klasom I-III.<\/span><\/p>\n<p><span style=\"color: #000000;\">Wszystkie oddzia\u0142y wykaza\u0142y si\u0119 ogromn\u0105 kreatywno\u015bci\u0105 i zaanga\u017cowaniem, tworz\u0105c niezwyk\u0142e, \u015bwi\u0105teczne aran\u017cacje w swoich salach.<\/span><\/p>\n<p><span style=\"color: #000000;\">Wyniki konkursu:<\/span><\/p>\n<p><span style=\"color: #000000;\">I miejsce \u2013 klasa 3a<\/span><br \/>\n<span style=\"color: #000000;\">II miejsce \u2013 klasa 3e<\/span><br \/>\n<span style=\"color: #000000;\">III miejsce \u2013 klasa 3b<\/span><\/p>\n<p><span style=\"color: #000000;\">Zwyci\u0119skie klasy otrzyma\u0142y w nagrod\u0119 pi\u0119kne kwiaty doniczkowe, kt\u00f3re z kolei&nbsp; pos\u0142u\u017c\u0105 do przedwiosennej dekoracji sal.<br \/>\n<\/span><span style=\"color: #000000;\">Nagrody zosta\u0142y ufundowane przez Rad\u0119 Rodzic\u00f3w \u2013 serdecznie dzi\u0119kujemy za wsparcie!<\/span><\/p>\n<p><span style=\"color: #000000;\">Doceniono r\u00f3wnie\u017c wysi\u0142ki pozosta\u0142ych klas, wr\u0119czaj\u0105c im dyplomy wyr\u00f3\u017cnienia.<\/span><\/p>\n<p><span style=\"color: #000000;\">Gratulujemy wszystkim uczestnikom i dzi\u0119kujemy za stworzenie wspania\u0142ej, \u015bwi\u0105tecznej atmosfery w naszej szkole!<\/span><\/p>\n<p><span style=\"color: #000000;\"><em>Koordynator przedsi\u0119wzi\u0119cia: Aneta Szatkowska<\/em><\/span><\/p>\n<p><span style=\"color: #000000;\"><em>Opracowanie materia\u0142u: Celina Krysi\u0144ska<\/em><\/span><\/p>\nngg_shortcode_0_placeholder\n","protected":false},"excerpt":{"rendered":"<p>&#46;&#46;&#46;<\/p>\n","protected":false},"author":5,"featured_media":8938,"comment_status":"open","ping_status":"open","sticky":false,"template":"","format":"standard","meta":{"ngg_post_thumbnail":0,"footnotes":""},"categories":[1],"tags":[],"class_list":["post-8903","post","type-post","status-publish","format-standard","has-post-thumbnail","hentry","category-wiadomosci"],"_links":{"self":[{"href":"https:\/\/sp22.pl\/nowa\/index.php\/wp-json\/wp\/v2\/posts\/8903","targetHints":{"allow":["GET"]}}],"collection":[{"href":"https:\/\/sp22.pl\/nowa\/index.php\/wp-json\/wp\/v2\/posts"}],"about":[{"href":"https:\/\/sp22.pl\/nowa\/index.php\/wp-json\/wp\/v2\/types\/post"}],"author":[{"embeddable":true,"href":"https:\/\/sp22.pl\/nowa\/index.php\/wp-json\/wp\/v2\/users\/5"}],"replies":[{"embeddable":true,"href":"https:\/\/sp22.pl\/nowa\/index.php\/wp-json\/wp\/v2\/comments?post=8903"}],"version-history":[{"count":9,"href":"https:\/\/sp22.pl\/nowa\/index.php\/wp-json\/wp\/v2\/posts\/8903\/revisions"}],"predecessor-version":[{"id":8937,"href":"https:\/\/sp22.pl\/nowa\/index.php\/wp-json\/wp\/v2\/posts\/8903\/revisions\/8937"}],"wp:featuredmedia":[{"embeddable":true,"href":"https:\/\/sp22.pl\/nowa\/index.php\/wp-json\/wp\/v2\/media\/8938"}],"wp:attachment":[{"href":"https:\/\/sp22.pl\/nowa\/index.php\/wp-json\/wp\/v2\/media?parent=8903"}],"wp:term":[{"taxonomy":"category","embeddable":true,"href":"https:\/\/sp22.pl\/nowa\/index.php\/wp-json\/wp\/v2\/categories?post=8903"},{"taxonomy":"post_tag","embeddable":true,"href":"https:\/\/sp22.pl\/nowa\/index.php\/wp-json\/wp\/v2\/tags?post=8903"}],"curies":[{"name":"wp","href":"https:\/\/api.w.org\/{rel}","templated":true}]}}