{"id":8884,"date":"2025-02-20T16:09:12","date_gmt":"2025-02-20T15:09:12","guid":{"rendered":"https:\/\/sp22.pl\/nowa\/?p=8884"},"modified":"2025-02-26T20:30:33","modified_gmt":"2025-02-26T19:30:33","slug":"podsumowanie-i-etapu-konkursu-przyjazna-klasa","status":"publish","type":"post","link":"https:\/\/sp22.pl\/nowa\/index.php\/2025\/02\/20\/podsumowanie-i-etapu-konkursu-przyjazna-klasa\/","title":{"rendered":"Podsumowanie I etapu konkursu \u201ePrzyjazna Klasa\u201d"},"content":{"rendered":"<p><span style=\"color: #000000;\">Zako\u0144czy\u0142 si\u0119 pierwszy etap konkursu \u201ePrzyjazna Klasa\u201d organizowanego przez Samorz\u0105d Uczniowski Szko\u0142y Podstawowej z Oddzia\u0142ami Integracyjnymi nr 22 w P\u0142ocku. Przez ostatnie miesi\u0105ce klasy 4-8 rywalizowa\u0142y o tytu\u0142 najbardziej zgranej, \u017cyczliwej i zaanga\u017cowanej spo\u0142eczno\u015bci, zdobywaj\u0105c punkty w r\u00f3\u017cnych obszarach szkolnego \u017cycia.<\/span><\/p>\n<p><span style=\"color: #000000;\">Ka\u017cdy miesi\u0105c by\u0142 okazj\u0105 do rozwijania innych warto\u015bci:<\/span><\/p>\n<p><span style=\"color: #000000;\">Pa\u017adziernik \u2013 przyja\u017a\u0144, zdrowie psychiczne, empatia<\/span><br \/>\n<span style=\"color: #000000;\">Listopad \u2013 \u017cyczliwo\u015b\u0107, dobro\u0107, tolerancja<\/span><br \/>\n<span style=\"color: #000000;\">Grudzie\u0144 \u2013 wdzi\u0119czno\u015b\u0107, pojednanie, bezinteresowno\u015b\u0107<\/span><br \/>\n<span style=\"color: #000000;\">Stycze\u0144 \u2013 wytrwa\u0142o\u015b\u0107, komunikatywno\u015b\u0107, prze\u0142amywanie nie\u015bmia\u0142o\u015bci<\/span><\/p>\n<p><span style=\"color: #000000;\">Uczniowie wykazali si\u0119 niezwyk\u0142ym zaanga\u017cowaniem \u2013 brali udzia\u0142 w konkursach, dbali o dobr\u0105 atmosfer\u0119 w klasie i aktywnie uczestniczyli w \u017cyciu szko\u0142y. <\/span><br \/>\n<span style=\"color: #000000;\">Po podliczeniu punkt\u00f3w, z pierwszego etapu, najwi\u0119cej zdoby\u0142a ich klasa 5c, kt\u00f3ra aktualnie prowadzi w rankingu! <\/span><br \/>\n<span style=\"color: #000000;\">Zwyci\u0119ska klasa otrzyma\u0142a z r\u0105k Pani Wicedyrektor \u2013 Moniki Przemy\u0142skiej pami\u0105tkowy dyplom oraz nagrod\u0119 w postaci integracyjnego wyj\u015bcia wraz z wychowawc\u0105. Fundatorem nagrody jest Rada Rodzic\u00f3w SP nr 22 w P\u0142ocku.<\/span><\/p>\n<p><span style=\"color: #000000;\">Gratulujemy i dzi\u0119kujemy wszystkim za wspania\u0142\u0105 postaw\u0119!<\/span><\/p>\n<p><span style=\"color: #000000;\">Drugi etap przed nami!<\/span><\/p>\n<p><span style=\"color: #000000;\">Warto podkre\u015bli\u0107, \u017ce r\u00f3\u017cnice punktowe mi\u0119dzy klasami s\u0105 niewielkie, co oznacza, \u017ce ka\u017cda klasa wci\u0105\u017c ma szans\u0119 na zdobycie pierwszego miejsca na koniec konkursu! Drugi okres roku szkolnego to nowe wyzwania i kolejne okazje do pokazania, \u017ce jeste\u015bcie zgran\u0105, wspieraj\u0105c\u0105 si\u0119 i aktywn\u0105 spo\u0142eczno\u015bci\u0105. Nie zwalniajcie tempa \u2013 ka\u017cda inicjatywa i ka\u017cdy punkt mog\u0105 zadecydowa\u0107 o&nbsp;ko\u0144cowym zwyci\u0119stwie!<\/span><\/p>\n<p><span style=\"color: #000000;\">Powodzenia w kolejnych miesi\u0105cach!<\/span><\/p>\n<p><span style=\"color: #000000;\">Samorz\u0105d Uczniowski<\/span><\/p>\n<p><span style=\"color: #000000;\"><em>K<\/em><em>oordynator<\/em><em> przedsi\u0119wzi\u0119cia<\/em><em>: Aneta Szatkowska<\/em><\/span><\/p>\n<p><span style=\"color: #000000;\"><em>Opracowanie<\/em><em> materia\u0142u<\/em><em>: Celina Krysi\u0144ska<\/em><\/span><\/p>\nngg_shortcode_0_placeholder\n","protected":false},"excerpt":{"rendered":"<p>&#46;&#46;&#46;<\/p>\n","protected":false},"author":5,"featured_media":8891,"comment_status":"open","ping_status":"open","sticky":false,"template":"","format":"standard","meta":{"ngg_post_thumbnail":0,"footnotes":""},"categories":[1],"tags":[],"class_list":["post-8884","post","type-post","status-publish","format-standard","has-post-thumbnail","hentry","category-wiadomosci"],"_links":{"self":[{"href":"https:\/\/sp22.pl\/nowa\/index.php\/wp-json\/wp\/v2\/posts\/8884","targetHints":{"allow":["GET"]}}],"collection":[{"href":"https:\/\/sp22.pl\/nowa\/index.php\/wp-json\/wp\/v2\/posts"}],"about":[{"href":"https:\/\/sp22.pl\/nowa\/index.php\/wp-json\/wp\/v2\/types\/post"}],"author":[{"embeddable":true,"href":"https:\/\/sp22.pl\/nowa\/index.php\/wp-json\/wp\/v2\/users\/5"}],"replies":[{"embeddable":true,"href":"https:\/\/sp22.pl\/nowa\/index.php\/wp-json\/wp\/v2\/comments?post=8884"}],"version-history":[{"count":22,"href":"https:\/\/sp22.pl\/nowa\/index.php\/wp-json\/wp\/v2\/posts\/8884\/revisions"}],"predecessor-version":[{"id":8988,"href":"https:\/\/sp22.pl\/nowa\/index.php\/wp-json\/wp\/v2\/posts\/8884\/revisions\/8988"}],"wp:featuredmedia":[{"embeddable":true,"href":"https:\/\/sp22.pl\/nowa\/index.php\/wp-json\/wp\/v2\/media\/8891"}],"wp:attachment":[{"href":"https:\/\/sp22.pl\/nowa\/index.php\/wp-json\/wp\/v2\/media?parent=8884"}],"wp:term":[{"taxonomy":"category","embeddable":true,"href":"https:\/\/sp22.pl\/nowa\/index.php\/wp-json\/wp\/v2\/categories?post=8884"},{"taxonomy":"post_tag","embeddable":true,"href":"https:\/\/sp22.pl\/nowa\/index.php\/wp-json\/wp\/v2\/tags?post=8884"}],"curies":[{"name":"wp","href":"https:\/\/api.w.org\/{rel}","templated":true}]}}