{"id":8875,"date":"2025-02-18T15:56:52","date_gmt":"2025-02-18T14:56:52","guid":{"rendered":"https:\/\/sp22.pl\/nowa\/?p=8875"},"modified":"2025-03-02T07:26:59","modified_gmt":"2025-03-02T06:26:59","slug":"szkolne-obchody-walentynek-z-samorzadem-uczniowskim","status":"publish","type":"post","link":"https:\/\/sp22.pl\/nowa\/index.php\/2025\/02\/18\/szkolne-obchody-walentynek-z-samorzadem-uczniowskim\/","title":{"rendered":"Szkolne Obchody Walentynek z Samorz\u0105dem Uczniowskim"},"content":{"rendered":"<p><span style=\"color: #000000;\">18 lutego odby\u0142y si\u0119 w naszej szkole wyj\u0105tkowe obchody Walentynek, zorganizowane przez Samorz\u0105d Uczniowski. Tego dnia szkolne korytarze wype\u0142ni\u0142a atmosfera \u017cyczliwo\u015bci i sympatii, a Uczniowie mieli okazj\u0119 przes\u0142a\u0107 sobie serdeczne \u017cyczenia za pomoc\u0105 walentynkowej poczty.<\/span><\/p>\n<p><span style=\"color: #000000;\">Dwie specjalne skrzynki walentynkowe, przygotowane przez uczestniczki Ko\u0142a Samorz\u0105du, przez ca\u0142y dzie\u0144 kr\u0105\u017cy\u0142y po szkole, zbieraj\u0105c pi\u0119kne kartki i li\u015bciki. Ka\u017cdy mia\u0142 szans\u0119 sprawi\u0107 komu\u015b mi\u0142\u0105 niespodziank\u0119 i podzieli\u0107 si\u0119 pozytywnymi emocjami.<\/span><\/p>\n<p><span style=\"color: #000000;\">Dzi\u0119kujemy wszystkim za udzia\u0142 i zaanga\u017cowanie! Mamy nadziej\u0119, \u017ce to \u015bwi\u0119to przynios\u0142o Wam wiele rado\u015bci!<\/span><\/p>\n<p><span style=\"color: #000000;\">Samorz\u0105d Uczniowski<\/span><\/p>\n<p><em><span style=\"color: #000000;\">Koordynator przedsi\u0119wzi\u0119cia: Celina Krysi\u0144ska<\/span><\/em><\/p>\n<p><em><span style=\"color: #000000;\">Opracowanie materia\u0142u: Celina Krysi\u0144ska<\/span><\/em><\/p>\nngg_shortcode_0_placeholder\n","protected":false},"excerpt":{"rendered":"<p>&#46;&#46;&#46;<\/p>\n","protected":false},"author":5,"featured_media":9114,"comment_status":"open","ping_status":"open","sticky":false,"template":"","format":"standard","meta":{"ngg_post_thumbnail":0,"footnotes":""},"categories":[1],"tags":[],"class_list":["post-8875","post","type-post","status-publish","format-standard","has-post-thumbnail","hentry","category-wiadomosci"],"_links":{"self":[{"href":"https:\/\/sp22.pl\/nowa\/index.php\/wp-json\/wp\/v2\/posts\/8875","targetHints":{"allow":["GET"]}}],"collection":[{"href":"https:\/\/sp22.pl\/nowa\/index.php\/wp-json\/wp\/v2\/posts"}],"about":[{"href":"https:\/\/sp22.pl\/nowa\/index.php\/wp-json\/wp\/v2\/types\/post"}],"author":[{"embeddable":true,"href":"https:\/\/sp22.pl\/nowa\/index.php\/wp-json\/wp\/v2\/users\/5"}],"replies":[{"embeddable":true,"href":"https:\/\/sp22.pl\/nowa\/index.php\/wp-json\/wp\/v2\/comments?post=8875"}],"version-history":[{"count":8,"href":"https:\/\/sp22.pl\/nowa\/index.php\/wp-json\/wp\/v2\/posts\/8875\/revisions"}],"predecessor-version":[{"id":9113,"href":"https:\/\/sp22.pl\/nowa\/index.php\/wp-json\/wp\/v2\/posts\/8875\/revisions\/9113"}],"wp:featuredmedia":[{"embeddable":true,"href":"https:\/\/sp22.pl\/nowa\/index.php\/wp-json\/wp\/v2\/media\/9114"}],"wp:attachment":[{"href":"https:\/\/sp22.pl\/nowa\/index.php\/wp-json\/wp\/v2\/media?parent=8875"}],"wp:term":[{"taxonomy":"category","embeddable":true,"href":"https:\/\/sp22.pl\/nowa\/index.php\/wp-json\/wp\/v2\/categories?post=8875"},{"taxonomy":"post_tag","embeddable":true,"href":"https:\/\/sp22.pl\/nowa\/index.php\/wp-json\/wp\/v2\/tags?post=8875"}],"curies":[{"name":"wp","href":"https:\/\/api.w.org\/{rel}","templated":true}]}}