{"id":8824,"date":"2025-02-01T08:36:44","date_gmt":"2025-02-01T07:36:44","guid":{"rendered":"https:\/\/sp22.pl\/nowa\/?p=8824"},"modified":"2025-02-17T08:41:32","modified_gmt":"2025-02-17T07:41:32","slug":"program-profilaktyczny-cukierki","status":"publish","type":"post","link":"https:\/\/sp22.pl\/nowa\/index.php\/2025\/02\/01\/program-profilaktyczny-cukierki\/","title":{"rendered":"Program profilaktyczny &#8222;Cukierki&#8221;"},"content":{"rendered":"<p><span style=\"color: #000000;\">W dniach 27-31.01.2025 r. uczniowie klas I brali udzia\u0142 w warsztatach profilaktycznych \u201eCukierki&#8221; przeprowadzonych przez profilaktyk\u00f3w z Centrum Promocji Zdrowia i Profilaktyki Uzale\u017cnie\u0144 \u201eProfil\u201d: Pana Szymona Boguckiego oraz Pani\u0105 Ma\u0142gorzat\u0119 Wyszy\u0144sk\u0105.<\/span><\/p>\n<p><span style=\"color: #000000;\">Program jest propozycj\u0105 oddzia\u0142ywa\u0144 profilaktycznych skierowanych do dzieci na najni\u017cszym etapie kszta\u0142cenia. Program podejmuje tematyk\u0119 profilaktyki uzale\u017cnie\u0144. Zaj\u0119cia prowadzone w ramach programu oparte zosta\u0142y na bajce Agnieszki Grzelak pt. \u201eCukierki\u201d, w&nbsp;kt\u00f3rej kolejno prezentowane fragmenty stanowi\u0105 zaproszenie do podj\u0119cia dyskusji na trudne dla dzieci tematy zwi\u0105zane z substancjami uzale\u017cniaj\u0105cymi. W programie dominuj\u0105 urozmaicone, aktywizuj\u0105ce uczni\u00f3w metody pracy, m.in. burza m\u00f3zg\u00f3w, pantomima, zabawy ruchowe, dyskusja.<\/span><\/p>\n<p><span style=\"color: #000000;\">Za\u0142o\u017ceniem programu jest uczenie dystansu do os\u00f3b nieznajomych, kt\u00f3re mog\u0105 zagra\u017ca\u0107 zdrowiu i bezpiecze\u0144stwu. Postaci\u0105, kt\u00f3ra w bajce wyzwala dzieci z opresji jest Wr\u00f3\u017cka Ognia Kuchennego \u201eognia, kt\u00f3ry karmi i ogrzewa, a jej czary s\u0105 jednymi z najpot\u0119\u017cniejszych na \u015bwiecie\u201d. Jest to pi\u0119kna metafora ogromnej si\u0142y chroni\u0105cej, jak\u0105 s\u0105 wi\u0119zi rodzinne i tych, kt\u00f3rzy dbaj\u0105 (albo powinni dba\u0107) o ciep\u0142o i bezpiecze\u0144stwo dzieci, czyli rodzic\u00f3w. Istotn\u0105 zalet\u0105 programu jest wczesne rozpoznawanie dzieci z grupy ryzyka, kt\u00f3re izoluj\u0105 si\u0119 i wykazuj\u0105 trudno\u015bci w radzeniu sobie z emocjami. Celem programu jest r\u00f3wnie\u017c zach\u0119canie do&nbsp;anga\u017cowania w zabaw\u0119 wszystkich dzieci, uczenie empatii, nabywanie umiej\u0119tno\u015bci spo\u0142ecznych i rozwijanie pozytywnej solidarno\u015bci grupowej. Z tego punktu widzenia program ma charakter wychowawczy, kt\u00f3ry ma ogromne znaczenie profilaktyczne o charakterze uprzedzaj\u0105cym. W trakcie realizacji programu uczniowie nie tylko ucz\u0105 si\u0119, ale tak\u017ce \u015bwietnie si\u0119 bawi\u0105 \ud83d\ude42<\/span><\/p>\n<p><span style=\"color: #000000;\">Program jest polecany przez ORE i PARPA.<\/span><\/p>\n<p><em><span style=\"color: #000000;\">Oprac. Marta Zawidzka&nbsp;<\/span><\/em><\/p>\nngg_shortcode_0_placeholder\n","protected":false},"excerpt":{"rendered":"<p>&#46;&#46;&#46;<\/p>\n","protected":false},"author":4,"featured_media":8825,"comment_status":"open","ping_status":"open","sticky":false,"template":"","format":"standard","meta":{"ngg_post_thumbnail":0,"footnotes":""},"categories":[1],"tags":[],"class_list":["post-8824","post","type-post","status-publish","format-standard","has-post-thumbnail","hentry","category-wiadomosci"],"_links":{"self":[{"href":"https:\/\/sp22.pl\/nowa\/index.php\/wp-json\/wp\/v2\/posts\/8824","targetHints":{"allow":["GET"]}}],"collection":[{"href":"https:\/\/sp22.pl\/nowa\/index.php\/wp-json\/wp\/v2\/posts"}],"about":[{"href":"https:\/\/sp22.pl\/nowa\/index.php\/wp-json\/wp\/v2\/types\/post"}],"author":[{"embeddable":true,"href":"https:\/\/sp22.pl\/nowa\/index.php\/wp-json\/wp\/v2\/users\/4"}],"replies":[{"embeddable":true,"href":"https:\/\/sp22.pl\/nowa\/index.php\/wp-json\/wp\/v2\/comments?post=8824"}],"version-history":[{"count":4,"href":"https:\/\/sp22.pl\/nowa\/index.php\/wp-json\/wp\/v2\/posts\/8824\/revisions"}],"predecessor-version":[{"id":8829,"href":"https:\/\/sp22.pl\/nowa\/index.php\/wp-json\/wp\/v2\/posts\/8824\/revisions\/8829"}],"wp:featuredmedia":[{"embeddable":true,"href":"https:\/\/sp22.pl\/nowa\/index.php\/wp-json\/wp\/v2\/media\/8825"}],"wp:attachment":[{"href":"https:\/\/sp22.pl\/nowa\/index.php\/wp-json\/wp\/v2\/media?parent=8824"}],"wp:term":[{"taxonomy":"category","embeddable":true,"href":"https:\/\/sp22.pl\/nowa\/index.php\/wp-json\/wp\/v2\/categories?post=8824"},{"taxonomy":"post_tag","embeddable":true,"href":"https:\/\/sp22.pl\/nowa\/index.php\/wp-json\/wp\/v2\/tags?post=8824"}],"curies":[{"name":"wp","href":"https:\/\/api.w.org\/{rel}","templated":true}]}}