{"id":8793,"date":"2025-01-23T07:13:23","date_gmt":"2025-01-23T06:13:23","guid":{"rendered":"https:\/\/sp22.pl\/nowa\/?p=8793"},"modified":"2025-02-17T07:30:05","modified_gmt":"2025-02-17T06:30:05","slug":"przyjazna-klasa-grudzien","status":"publish","type":"post","link":"https:\/\/sp22.pl\/nowa\/index.php\/2025\/01\/23\/przyjazna-klasa-grudzien\/","title":{"rendered":"Przyjazna Klasa &#8211; grudzie\u0144"},"content":{"rendered":"<p><span style=\"color: #000000;\">W grudniu, w ramach konkursu \u201ePrzyjazna klasa\u201d, kt\u00f3rego organizatorem jest Samorz\u0105d Uczniowski, realizowano nast\u0119puj\u0105ce aktywno\u015bci:<\/span><br \/>\n<span style=\"color: #000000;\">1. Konkurs na \u201eNaj\u0142adniejsz\u0105, \u015bwi\u0105teczn\u0105 dekoracj\u0119 klasy\u201d<\/span><br \/>\n<span style=\"color: #000000;\">Og\u0142oszono konkurs na \u015bwi\u0105teczne dekoracje klas, kt\u00f3ry pozwoli\u0142 uczniom rozwija\u0107 kreatywno\u015b\u0107 i wsp\u00f3\u0142prac\u0119.<\/span><\/p>\n<p><span style=\"color: #000000;\">2. Tydzie\u0144 Wdzi\u0119czno\u015bci \u2013 Przebaczenia \u2013 Pojednania<\/span><br \/>\n<span style=\"color: #000000;\">\u2022 W ramach tygodnia odby\u0142y si\u0119 zaj\u0119cia:<\/span><br \/>\n<span style=\"color: #000000;\">\u2022 \u201ePrzebaczenie \u2013 pojednanie\u201d w ka\u017cdej klasie, podczas religii.<\/span><br \/>\n<span style=\"color: #000000;\">\u2022 \u201eWdzi\u0119czno\u015b\u0107\u201d dla klas 4\u20136, prowadzone przez nauczycielki plastyki. Uczniowie wykonali \u201egwiazdki wdzi\u0119czno\u015bci\u201d.<\/span><br \/>\n<span style=\"color: #000000;\">\u2022 Uczniowie klas starszych, pod kierunkiem p. Anety Szatkowskiej, dokonali wnikliwej analizy tych zagadnie\u0144.<\/span><br \/>\n<span style=\"color: #000000;\">\u2022 Prace uczni\u00f3w by\u0142y wyeksponowane na korytarzach szkolnych, tworz\u0105c wyj\u0105tkow\u0105 atmosfer\u0119 sk\u0142aniaj\u0105c\u0105 do refleksji i budowania wsp\u00f3lnoty.<\/span><\/p>\n<p><span style=\"color: #000000;\">3. Dzie\u0144 Pi\u017camy<\/span><br \/>\n<span style=\"color: #000000;\">W ge\u015bcie solidarno\u015bci z dzie\u0107mi chorymi, szczeg\u00f3lnie podopiecznymi oddzia\u0142\u00f3w onkologicznych, uczniowie oraz pracownicy szko\u0142y ubrali si\u0119 w pi\u017camy. By\u0142 to dzie\u0144 empatii oraz wdzi\u0119czno\u015bci za zdrowie. Uczniowie z klas uczestnicz\u0105cych w konkursie \u201ePrzyjazna klasa\u201d zdobywali dodatkowe punkty za przebranie, kt\u00f3re proporcjonalnie przyznawano ich oddzia\u0142om.<\/span><br \/>\n<span style=\"color: #000000;\">Ka\u017cda z aktywno\u015bci mia\u0142a na celu integracj\u0119, rozwijanie empatii i budowanie pozytywnej atmosfery w\u015br\u00f3d spo\u0142eczno\u015bci szkolnej. Grudzie\u0144 min\u0105\u0142 pod has\u0142em ,,WDZI\u0118CZNO\u015a\u0106 \u2013 PRZEBACZENIE \u2013 POJEDNANIE &#8211; BEZINTERESOWNO\u015a\u0106\u201d.<\/span><\/p>\n<p><em><span style=\"color: #000000;\">Oprac. Celina Krysi\u0144ska<\/span><\/em><\/p>\nngg_shortcode_0_placeholder\n","protected":false},"excerpt":{"rendered":"<p>&#46;&#46;&#46;<\/p>\n","protected":false},"author":4,"featured_media":8795,"comment_status":"open","ping_status":"open","sticky":false,"template":"","format":"standard","meta":{"ngg_post_thumbnail":0,"footnotes":""},"categories":[1],"tags":[],"class_list":["post-8793","post","type-post","status-publish","format-standard","has-post-thumbnail","hentry","category-wiadomosci"],"_links":{"self":[{"href":"https:\/\/sp22.pl\/nowa\/index.php\/wp-json\/wp\/v2\/posts\/8793","targetHints":{"allow":["GET"]}}],"collection":[{"href":"https:\/\/sp22.pl\/nowa\/index.php\/wp-json\/wp\/v2\/posts"}],"about":[{"href":"https:\/\/sp22.pl\/nowa\/index.php\/wp-json\/wp\/v2\/types\/post"}],"author":[{"embeddable":true,"href":"https:\/\/sp22.pl\/nowa\/index.php\/wp-json\/wp\/v2\/users\/4"}],"replies":[{"embeddable":true,"href":"https:\/\/sp22.pl\/nowa\/index.php\/wp-json\/wp\/v2\/comments?post=8793"}],"version-history":[{"count":1,"href":"https:\/\/sp22.pl\/nowa\/index.php\/wp-json\/wp\/v2\/posts\/8793\/revisions"}],"predecessor-version":[{"id":8794,"href":"https:\/\/sp22.pl\/nowa\/index.php\/wp-json\/wp\/v2\/posts\/8793\/revisions\/8794"}],"wp:featuredmedia":[{"embeddable":true,"href":"https:\/\/sp22.pl\/nowa\/index.php\/wp-json\/wp\/v2\/media\/8795"}],"wp:attachment":[{"href":"https:\/\/sp22.pl\/nowa\/index.php\/wp-json\/wp\/v2\/media?parent=8793"}],"wp:term":[{"taxonomy":"category","embeddable":true,"href":"https:\/\/sp22.pl\/nowa\/index.php\/wp-json\/wp\/v2\/categories?post=8793"},{"taxonomy":"post_tag","embeddable":true,"href":"https:\/\/sp22.pl\/nowa\/index.php\/wp-json\/wp\/v2\/tags?post=8793"}],"curies":[{"name":"wp","href":"https:\/\/api.w.org\/{rel}","templated":true}]}}