{"id":8714,"date":"2025-02-23T13:49:19","date_gmt":"2025-02-23T12:49:19","guid":{"rendered":"https:\/\/sp22.pl\/nowa\/?p=8714"},"modified":"2025-03-07T17:59:59","modified_gmt":"2025-03-07T16:59:59","slug":"rekrutacja-do-klasy-4-o-profilu-plywackim-na-rok-szkolny-2025-2026","status":"publish","type":"post","link":"https:\/\/sp22.pl\/nowa\/index.php\/2025\/02\/23\/rekrutacja-do-klasy-4-o-profilu-plywackim-na-rok-szkolny-2025-2026\/","title":{"rendered":"Rekrutacja do klasy 4 o profilu p\u0142ywackim na rok szkolny 2025\/2026"},"content":{"rendered":"<p><img loading=\"lazy\" decoding=\"async\" class=\"wp-image-8715 aligncenter\" src=\"https:\/\/sp22.pl\/nowa\/wp-content\/uploads\/2025\/02\/rekrutacja_klasa_plywacka_2024_2025.png\" alt=\"Zdj\u0119cie uczni\u00f3w p\u0142ywaj\u0105cych w basenie. Informacja o rekrutacji do klasy 4 sportowej o profilu p\u0142ywackim.\" width=\"721\" height=\"331\" srcset=\"https:\/\/sp22.pl\/nowa\/wp-content\/uploads\/2025\/02\/rekrutacja_klasa_plywacka_2024_2025.png 980w, https:\/\/sp22.pl\/nowa\/wp-content\/uploads\/2025\/02\/rekrutacja_klasa_plywacka_2024_2025-300x138.png 300w, https:\/\/sp22.pl\/nowa\/wp-content\/uploads\/2025\/02\/rekrutacja_klasa_plywacka_2024_2025-768x353.png 768w\" sizes=\"auto, (max-width: 721px) 100vw, 721px\" \/><\/p>\n<p>&nbsp;<\/p>\n<p><span style=\"color: #000000;\">Dyrektor Szko\u0142y Podstawowej z Oddzia\u0142ami Integracyjnymi nr 22 w P\u0142ocku <\/span><br \/>\n<strong><span style=\"color: #0000ff;\">og\u0142asza nab\u00f3r do oddzia\u0142u sportowego o profilu p\u0142ywackim na rok szkolny 2025\/2026<\/span><\/strong><\/p>\n<p><span style=\"color: #000000;\">O przyj\u0119cie do oddzia\u0142u sportowego mog\u0105 ubiega\u0107 si\u0119 kandydaci, kt\u00f3rzy: <\/span><br \/>\n<span style=\"color: #000000;\">a) w czerwcu 2025 roku uko\u0144cz\u0105 3 klas\u0119 szko\u0142y podstawowej;<\/span><br \/>\n<span style=\"color: #000000;\">b) posiadaj\u0105 stan zdrowia umo\u017cliwiaj\u0105cy podj\u0119cie nauki w oddziale sportowy, potwierdzony orzeczeniem lekarskim wydanym przez lekarza podstawowej opieki zdrowotnej;<\/span><br \/>\n<span style=\"color: #000000;\">c) posiadaj\u0105 pisemn\u0105 zgod\u0119 rodzica na ucz\u0119szczanie kandydata do oddzia\u0142u sportowego;<\/span><br \/>\n<span style=\"color: #000000;\">d) uzyskali pozytywne wyniki pr\u00f3b sprawno\u015bci fizycznej, na warunkach ustalonych przez Polski zwi\u0105zek sportowy w zakresie p\u0142ywania.<\/span><\/p>\n<p><span style=\"color: #000000;\">Wype\u0142niony wniosek o przyj\u0119cie do oddzia\u0142u sportowego, pisemn\u0105 zgod\u0119 rodzic\u00f3w na ucz\u0119szczanie kandydata do oddzia\u0142u sportowego oraz orzeczenie lekarskie wydane przez lekarza podstawowej opieki zdrowotnej potwierdzaj\u0105ce stan zdrowia umo\u017cliwiaj\u0105cy podj\u0119cie nauki w oddziale sportowym nale\u017cy z\u0142o\u017cy\u0107 w sekretariacie szko\u0142y w terminie:<\/span><br \/>\n<strong><span style=\"color: #0000ff;\">od 24 lutego 2025r. godz.9.00 do 28.02.2025r. godz.15.00.<\/span><\/strong><\/p>\n<p><span style=\"color: #000000;\">Druki wniosk\u00f3w o przyj\u0119cie do oddzia\u0142u sportowego oraz druki zgody rodzic\u00f3w na ucz\u0119szczanie do oddzia\u0142u sportowego mo\u017cna pobra\u0107:<\/span><br \/>\n<span style=\"color: #000000;\">&#8211; w sekretariacie szko\u0142y,<\/span><br \/>\n<span style=\"color: #000000;\">&#8211; bezpo\u015brednio u nauczyciela w-f Pana Paw\u0142a Suli\u0144skiego,<\/span><br \/>\n<span style=\"color: #000000;\">&#8211; ze strony internetowej szko\u0142y.<\/span><\/p>\n<p><strong><span style=\"color: #0000ff;\">Terminy pr\u00f3b sprawno\u015bci fizycznych do oddzia\u0142u sportowego odb\u0119d\u0105 si\u0119:<\/span><\/strong><br \/>\n<span style=\"color: #000000;\">-w post\u0119powaniu rekrutacyjnym &#8211; 3 marca 2025r., godz.13.30<\/span><br \/>\n<span style=\"color: #000000;\">-w post\u0119powaniu uzupe\u0142niaj\u0105cym &#8211; 9 kwietnia 2025r., godz.13.30<\/span><\/p>\n<p><strong><span style=\"color: #000000;\">Informacje dotycz\u0105ce szczeg\u00f3\u0142owego harmonogramu post\u0119powania rekrutacyjnego oraz druki do pobrania.<\/span><\/strong><\/p>\n<p><a href=\"https:\/\/sp22.pl\/nowa\/wp-content\/uploads\/Pliki\/Do_pobrania_static\/Tworzenie%20strony%20www\/Dokumenty%20szkolne\/dokumenty_2024_25\/Zarz%C4%85dzenie%20PMP%20654.2025%20-%20oddz.%20sportowe_na%20rok%20szkolny%202025_2026.pdf\"><span style=\"color: #000000;\">\u2192 <em>Zarz\u0105dzenie nr 654\/2025 Prezydenta Miasta P\u0142ocka z dnia 10 stycznia 2025 roku w sprawie okre\u015blenia termin\u00f3w przeprowadzania post\u0119powania rekrutacyjnego i post\u0119powania uzupe\u0142niaj\u0105cego, w tym termin\u00f3w sk\u0142adania dokument\u00f3w, na rok szkolny 2025\/2026 do oddzia\u0142\u00f3w sportowych w publicznych szko\u0142ach podstawowych, dla kt\u00f3rych organem prowadz\u0105cym jest Gmina Miasto P\u0142ock. \/pdf 83 KB\/<\/em><\/span><\/a><\/p>\n<p><a href=\"https:\/\/sp22.pl\/nowa\/wp-content\/uploads\/Pliki\/Do_pobrania_static\/Tworzenie%20strony%20www\/Dokumenty%20szkolne\/dokumenty_2024_25\/oddzia%C5%82_sportowy_regulamin_przyj%C4%99cia_na_rok_2025_2026.pdf\"><span style=\"color: #000000;\">\u2192 <em>Regulamin rekrutacji do oddzia\u0142u sportowego Szko\u0142y Podstawowej Nr 22 im. Janusza Korczaka w P\u0142ocku na rok szkolny 2025\/2026 \/pdf 175 KB\/<\/em><\/span><\/a><\/p>\n<p><a href=\"https:\/\/sp22.pl\/nowa\/wp-content\/uploads\/Pliki\/Do_pobrania_static\/Tworzenie%20strony%20www\/Dokumenty%20szkolne\/dokumenty_2024_25\/oddzia%C5%82_sportowy_wniosek_o_przyj%C4%99cie_na_rok_szkolny_2025_2026.docx\"><span style=\"color: #000000;\">\u2192 <em>Wniosek o przyj\u0119cie dziecka do oddzia\u0142u sportowego&nbsp; \/docx 5.80 MB\/<\/em><\/span><\/a><\/p>\n<p><a href=\"https:\/\/sp22.pl\/nowa\/wp-content\/uploads\/Pliki\/Do_pobrania_static\/Tworzenie%20strony%20www\/Dokumenty%20szkolne\/dokumenty_2024_25\/oddzia%C5%82_sportowy_zgoda_rodzic%C3%B3w_na_rok_szkolny_2025_2026.docx\"><span style=\"color: #000000;\">\u2192 <em>Zgoda rodzic\u00f3w\/opiekun\u00f3w prawnych na ucz\u0119szczanie kandydata do oddzia\u0142u sportowego<\/em> <em>\/docx 5.76 MB\/<\/em><\/span><\/a><\/p>\n<p>&nbsp;<\/p>\n","protected":false},"excerpt":{"rendered":"<p>&#46;&#46;&#46;<\/p>\n","protected":false},"author":4,"featured_media":8715,"comment_status":"open","ping_status":"open","sticky":false,"template":"","format":"standard","meta":{"ngg_post_thumbnail":0,"footnotes":""},"categories":[1],"tags":[],"class_list":["post-8714","post","type-post","status-publish","format-standard","has-post-thumbnail","hentry","category-wiadomosci"],"_links":{"self":[{"href":"https:\/\/sp22.pl\/nowa\/index.php\/wp-json\/wp\/v2\/posts\/8714","targetHints":{"allow":["GET"]}}],"collection":[{"href":"https:\/\/sp22.pl\/nowa\/index.php\/wp-json\/wp\/v2\/posts"}],"about":[{"href":"https:\/\/sp22.pl\/nowa\/index.php\/wp-json\/wp\/v2\/types\/post"}],"author":[{"embeddable":true,"href":"https:\/\/sp22.pl\/nowa\/index.php\/wp-json\/wp\/v2\/users\/4"}],"replies":[{"embeddable":true,"href":"https:\/\/sp22.pl\/nowa\/index.php\/wp-json\/wp\/v2\/comments?post=8714"}],"version-history":[{"count":12,"href":"https:\/\/sp22.pl\/nowa\/index.php\/wp-json\/wp\/v2\/posts\/8714\/revisions"}],"predecessor-version":[{"id":8842,"href":"https:\/\/sp22.pl\/nowa\/index.php\/wp-json\/wp\/v2\/posts\/8714\/revisions\/8842"}],"wp:featuredmedia":[{"embeddable":true,"href":"https:\/\/sp22.pl\/nowa\/index.php\/wp-json\/wp\/v2\/media\/8715"}],"wp:attachment":[{"href":"https:\/\/sp22.pl\/nowa\/index.php\/wp-json\/wp\/v2\/media?parent=8714"}],"wp:term":[{"taxonomy":"category","embeddable":true,"href":"https:\/\/sp22.pl\/nowa\/index.php\/wp-json\/wp\/v2\/categories?post=8714"},{"taxonomy":"post_tag","embeddable":true,"href":"https:\/\/sp22.pl\/nowa\/index.php\/wp-json\/wp\/v2\/tags?post=8714"}],"curies":[{"name":"wp","href":"https:\/\/api.w.org\/{rel}","templated":true}]}}