{"id":8586,"date":"2025-01-31T06:42:02","date_gmt":"2025-01-31T05:42:02","guid":{"rendered":"https:\/\/sp22.pl\/nowa\/?p=8586"},"modified":"2025-02-03T07:14:51","modified_gmt":"2025-02-03T06:14:51","slug":"z-koleda-idziemy","status":"publish","type":"post","link":"https:\/\/sp22.pl\/nowa\/index.php\/2025\/01\/31\/z-koleda-idziemy\/","title":{"rendered":"Z kol\u0119d\u0105 idziemy\u2026"},"content":{"rendered":"<p><span style=\"color: #000000;\">&#8230; to szkolne przedsi\u0119wzi\u0119cie nawi\u0105zuj\u0105ce do dawnej tradycji tzw. Herod\u00f3w, czyli kol\u0119dowania z&nbsp;gwiazd\u0105.<\/span><\/p>\n<p><span style=\"color: #000000;\">W tym roku nasi szkolni kol\u0119dnicy ju\u017c kolejny raz wcielili si\u0119 w postacie zwi\u0105zane z histori\u0105 Bo\u017cego Narodzenia i przebrani za Heroda, diab\u0142y, anio\u0142\u00f3w, pasterzy&#8230; wyruszyli do p\u0142ockich o\u015brodk\u00f3w i instytucji, gdzie odgrywali scenki zwi\u0105zane z&nbsp; Narodzeniem Pa\u0144skim oraz \u015bpiewali kol\u0119dy i pastora\u0142ki. Uczniowie odwiedzili mi\u0119dzy innymi podopiecznych dw\u00f3ch o\u015brodk\u00f3w P\u0142ockiego Stowarzyszenia Pomocy Osobom z Chorob\u0105 Alzheimera. Go\u015bcili r\u00f3wnie\u017c w Muzeum Mazowieckim i w Urz\u0119dzie Miasta P\u0142ocka, gdzie wyst\u0105pili przed Prezydentem Miasta P\u0142ocka &#8211; Panem Andrzejem Nowakowskim, Jego Zast\u0119pc\u0105 ds. Polityki Spo\u0142ecznej &#8211; Panem \u0141ukaszem Jankowskim oraz szerokim gronem urz\u0119dnik\u00f3w miejskich.<\/span><\/p>\n<p><span style=\"color: #000000;\">W ka\u017cdym miejscu odwiedziny kol\u0119dnik\u00f3w zosta\u0142y przyj\u0119te z wielk\u0105 otwarto\u015bci\u0105 i \u017cyczliwo\u015bci\u0105. Wsz\u0119dzie zostali oni obdarowani s\u0142odyczami i&nbsp;suwenirami, w uznaniu za artystyczny talent i wysi\u0142ek w\u0142o\u017cony w przygotowanie wyst\u0119pu, a w zamian przekazali pi\u0119kne, w\u0142asnor\u0119cznie wykonane kartki z noworocznymi \u017cyczeniami.<\/span><\/p>\n<p><span style=\"color: #000000;\">Pe\u0142na ciep\u0142a, serdeczno\u015bci i wzrusze\u0144 atmosfera naszego kol\u0119dowania utwierdzi\u0142a, zar\u00f3wno naszych uczni\u00f3w jak i gospodarzy odwiedzanych miejsc, \u017ce warto piel\u0119gnowa\u0107 t\u0119 tradycj\u0119 i przekazywa\u0107 j\u0105 kolejnym pokoleniom ze wzgl\u0119du na jej pozytywne przes\u0142anie mi\u0142o\u015bci i \u017cyczliwo\u015bci, kt\u00f3re jest podstaw\u0105 budowania poczucia lokalnej i szerszej wsp\u00f3lnoty.<\/span><\/p>\n<p><span style=\"color: #000000;\">Razem z uczniami kol\u0119dowa\u0142y nauczycielki: p. Anna Kowalska i p. Beata Szymczak.<\/span><\/p>\n<p class=\"Standard\" style=\"text-align: justify; text-justify: inter-ideograph; line-height: 115%;\"><span style=\"color: #000000;\"><i>Opracowanie: p. Beata Szymczak<\/i><\/span><\/p>\n<p class=\"Standard\" style=\"text-align: justify; text-justify: inter-ideograph; line-height: 115%;\"><span style=\"color: #000000;\"><i>Zdj\u0119cia: Urz\u0105d Miasta P\u0142ocka, Muzeum Mazowieckie, p. Beata Szymczak<\/i><\/span><\/p>\nngg_shortcode_0_placeholder\n","protected":false},"excerpt":{"rendered":"<p>&#46;&#46;&#46;<\/p>\n","protected":false},"author":5,"featured_media":8603,"comment_status":"open","ping_status":"open","sticky":false,"template":"","format":"standard","meta":{"ngg_post_thumbnail":0,"footnotes":""},"categories":[1],"tags":[],"class_list":["post-8586","post","type-post","status-publish","format-standard","has-post-thumbnail","hentry","category-wiadomosci"],"_links":{"self":[{"href":"https:\/\/sp22.pl\/nowa\/index.php\/wp-json\/wp\/v2\/posts\/8586","targetHints":{"allow":["GET"]}}],"collection":[{"href":"https:\/\/sp22.pl\/nowa\/index.php\/wp-json\/wp\/v2\/posts"}],"about":[{"href":"https:\/\/sp22.pl\/nowa\/index.php\/wp-json\/wp\/v2\/types\/post"}],"author":[{"embeddable":true,"href":"https:\/\/sp22.pl\/nowa\/index.php\/wp-json\/wp\/v2\/users\/5"}],"replies":[{"embeddable":true,"href":"https:\/\/sp22.pl\/nowa\/index.php\/wp-json\/wp\/v2\/comments?post=8586"}],"version-history":[{"count":9,"href":"https:\/\/sp22.pl\/nowa\/index.php\/wp-json\/wp\/v2\/posts\/8586\/revisions"}],"predecessor-version":[{"id":8711,"href":"https:\/\/sp22.pl\/nowa\/index.php\/wp-json\/wp\/v2\/posts\/8586\/revisions\/8711"}],"wp:featuredmedia":[{"embeddable":true,"href":"https:\/\/sp22.pl\/nowa\/index.php\/wp-json\/wp\/v2\/media\/8603"}],"wp:attachment":[{"href":"https:\/\/sp22.pl\/nowa\/index.php\/wp-json\/wp\/v2\/media?parent=8586"}],"wp:term":[{"taxonomy":"category","embeddable":true,"href":"https:\/\/sp22.pl\/nowa\/index.php\/wp-json\/wp\/v2\/categories?post=8586"},{"taxonomy":"post_tag","embeddable":true,"href":"https:\/\/sp22.pl\/nowa\/index.php\/wp-json\/wp\/v2\/tags?post=8586"}],"curies":[{"name":"wp","href":"https:\/\/api.w.org\/{rel}","templated":true}]}}