{"id":8481,"date":"2025-01-22T00:37:00","date_gmt":"2025-01-21T23:37:00","guid":{"rendered":"https:\/\/sp22.pl\/nowa\/?p=8481"},"modified":"2025-01-24T02:42:14","modified_gmt":"2025-01-24T01:42:14","slug":"wizyta-6-latkow","status":"publish","type":"post","link":"https:\/\/sp22.pl\/nowa\/index.php\/2025\/01\/22\/wizyta-6-latkow\/","title":{"rendered":"Wizyta przedszkolak\u00f3w"},"content":{"rendered":"<p><span style=\"color: #000000;\">Miniony tydzie\u0144 by\u0142 dla nas wyj\u0105tkowy. A to za spraw\u0105 odwiedzin, bowiem w dniach 13-17 stycznia go\u015bcili\u015bmy w naszej szkole 7 grup sze\u015bciolatk\u00f3w. A\u017c 145 przedszkolak\u00f3w, wraz z opiekunami, przyby\u0142o do nas na godzinne, pierwsze spotkanie ze szko\u0142\u0105. <\/span><\/p>\n<p><span style=\"color: #000000;\">Dzieci z pobliskich, Miejskich Przedszkoli nr 34, nr 4 i nr 8 oraz z Niepublicznego Przedszkola Bajkowa Kryj\u00f3wka, przyby\u0142y na nasze zaproszenie, aby przekona\u0107 si\u0119, \u017ce \u201enie taka szko\u0142a straszna\u201d. <\/span><span style=\"color: #000000;\">Pozna\u0142y najwa\u017cniejsze miejsca w szkole, wys\u0142ucha\u0142y opowie\u015bci nauczycieli, by\u0142 te\u017c czas na zabaw\u0119 przy muzyce oraz aktywno\u015b\u0107 plastyczn\u0105. Pami\u0105tk\u0105 z wizyty s\u0105 samodzielnie naklejane przez dzieci kolorowe s\u00f3wki na torebkach ze znakiem naszej szko\u0142y. Ka\u017cdy przedszkolak otrzyma\u0142 te\u017c specjalny, powitalny znaczek oraz zaproszenie na ponown\u0105 wizyt\u0119 w Dzie\u0144 Otwarty Szko\u0142y, kt\u00f3ry ju\u017c 25 stycznia.<\/span><\/p>\n<p><em><span style=\"color: #000000;\">Opracowanie: Agnieszka Jaroszewska<\/span><\/em><\/p>\nngg_shortcode_0_placeholder\n","protected":false},"excerpt":{"rendered":"<p>&#46;&#46;&#46;<\/p>\n","protected":false},"author":4,"featured_media":8507,"comment_status":"open","ping_status":"open","sticky":false,"template":"","format":"standard","meta":{"ngg_post_thumbnail":0,"footnotes":""},"categories":[1],"tags":[],"class_list":["post-8481","post","type-post","status-publish","format-standard","has-post-thumbnail","hentry","category-wiadomosci"],"_links":{"self":[{"href":"https:\/\/sp22.pl\/nowa\/index.php\/wp-json\/wp\/v2\/posts\/8481","targetHints":{"allow":["GET"]}}],"collection":[{"href":"https:\/\/sp22.pl\/nowa\/index.php\/wp-json\/wp\/v2\/posts"}],"about":[{"href":"https:\/\/sp22.pl\/nowa\/index.php\/wp-json\/wp\/v2\/types\/post"}],"author":[{"embeddable":true,"href":"https:\/\/sp22.pl\/nowa\/index.php\/wp-json\/wp\/v2\/users\/4"}],"replies":[{"embeddable":true,"href":"https:\/\/sp22.pl\/nowa\/index.php\/wp-json\/wp\/v2\/comments?post=8481"}],"version-history":[{"count":4,"href":"https:\/\/sp22.pl\/nowa\/index.php\/wp-json\/wp\/v2\/posts\/8481\/revisions"}],"predecessor-version":[{"id":8509,"href":"https:\/\/sp22.pl\/nowa\/index.php\/wp-json\/wp\/v2\/posts\/8481\/revisions\/8509"}],"wp:featuredmedia":[{"embeddable":true,"href":"https:\/\/sp22.pl\/nowa\/index.php\/wp-json\/wp\/v2\/media\/8507"}],"wp:attachment":[{"href":"https:\/\/sp22.pl\/nowa\/index.php\/wp-json\/wp\/v2\/media?parent=8481"}],"wp:term":[{"taxonomy":"category","embeddable":true,"href":"https:\/\/sp22.pl\/nowa\/index.php\/wp-json\/wp\/v2\/categories?post=8481"},{"taxonomy":"post_tag","embeddable":true,"href":"https:\/\/sp22.pl\/nowa\/index.php\/wp-json\/wp\/v2\/tags?post=8481"}],"curies":[{"name":"wp","href":"https:\/\/api.w.org\/{rel}","templated":true}]}}