{"id":8448,"date":"2025-01-13T10:01:02","date_gmt":"2025-01-13T09:01:02","guid":{"rendered":"https:\/\/sp22.pl\/nowa\/?p=8448"},"modified":"2025-01-15T07:56:54","modified_gmt":"2025-01-15T06:56:54","slug":"xiv-edycja-orszaku-trzech-kroli","status":"publish","type":"post","link":"https:\/\/sp22.pl\/nowa\/index.php\/2025\/01\/13\/xiv-edycja-orszaku-trzech-kroli\/","title":{"rendered":"XIV edycja Orszaku Trzech Kr\u00f3li"},"content":{"rendered":"<p><span style=\"color: #000000;\">W poniedzia\u0142ek 6 stycznia 2025 r. rodziny naszych uczni\u00f3w oraz panie katechetki do\u0142\u0105czyli do innych p\u0142occzan, by wsp\u00f3lnie pow\u0119drowa\u0107 w XIV edycji Orszaku Trzech Kr\u00f3li. Po kr\u00f3tkiej modlitwie na Starym Rynku, barwny korow\u00f3d przeszed\u0142 do ko\u015bcio\u0142a parafii pw. \u015bw. Jadwigi Kr\u00f3lowej.<\/span><\/p>\n<p><span style=\"color: #000000;\">Udzia\u0142 w Orszaku Trzech Kr\u00f3li koordynowany by\u0142 przez pani\u0105 Ma\u0142gorzat\u0119 Bartosiak przy wsp\u00f3\u0142pracy z paniami: Edyt\u0105 Wo\u017aniak i Ann\u0105 Zdrojewsk\u0105 oraz ksi\u0119\u017cmi: ks. W\u0142odzimierzem Gawlikowskim oraz ks. Piotrem Szulcem.<\/span><\/p>\n<p><em><span style=\"color: #000000;\">oprac. zesp\u00f3\u0142 katechetyczny&nbsp;<\/span><\/em><\/p>\nngg_shortcode_0_placeholder\n","protected":false},"excerpt":{"rendered":"<p>&#46;&#46;&#46;<\/p>\n","protected":false},"author":5,"featured_media":8461,"comment_status":"open","ping_status":"open","sticky":false,"template":"","format":"standard","meta":{"ngg_post_thumbnail":0,"footnotes":""},"categories":[1],"tags":[],"class_list":["post-8448","post","type-post","status-publish","format-standard","has-post-thumbnail","hentry","category-wiadomosci"],"_links":{"self":[{"href":"https:\/\/sp22.pl\/nowa\/index.php\/wp-json\/wp\/v2\/posts\/8448","targetHints":{"allow":["GET"]}}],"collection":[{"href":"https:\/\/sp22.pl\/nowa\/index.php\/wp-json\/wp\/v2\/posts"}],"about":[{"href":"https:\/\/sp22.pl\/nowa\/index.php\/wp-json\/wp\/v2\/types\/post"}],"author":[{"embeddable":true,"href":"https:\/\/sp22.pl\/nowa\/index.php\/wp-json\/wp\/v2\/users\/5"}],"replies":[{"embeddable":true,"href":"https:\/\/sp22.pl\/nowa\/index.php\/wp-json\/wp\/v2\/comments?post=8448"}],"version-history":[{"count":10,"href":"https:\/\/sp22.pl\/nowa\/index.php\/wp-json\/wp\/v2\/posts\/8448\/revisions"}],"predecessor-version":[{"id":8464,"href":"https:\/\/sp22.pl\/nowa\/index.php\/wp-json\/wp\/v2\/posts\/8448\/revisions\/8464"}],"wp:featuredmedia":[{"embeddable":true,"href":"https:\/\/sp22.pl\/nowa\/index.php\/wp-json\/wp\/v2\/media\/8461"}],"wp:attachment":[{"href":"https:\/\/sp22.pl\/nowa\/index.php\/wp-json\/wp\/v2\/media?parent=8448"}],"wp:term":[{"taxonomy":"category","embeddable":true,"href":"https:\/\/sp22.pl\/nowa\/index.php\/wp-json\/wp\/v2\/categories?post=8448"},{"taxonomy":"post_tag","embeddable":true,"href":"https:\/\/sp22.pl\/nowa\/index.php\/wp-json\/wp\/v2\/tags?post=8448"}],"curies":[{"name":"wp","href":"https:\/\/api.w.org\/{rel}","templated":true}]}}