{"id":8419,"date":"2025-01-11T18:41:01","date_gmt":"2025-01-11T17:41:01","guid":{"rendered":"https:\/\/sp22.pl\/nowa\/?p=8419"},"modified":"2025-01-11T18:51:26","modified_gmt":"2025-01-11T17:51:26","slug":"swiateczna-integracja-uczniow","status":"publish","type":"post","link":"https:\/\/sp22.pl\/nowa\/index.php\/2025\/01\/11\/swiateczna-integracja-uczniow\/","title":{"rendered":"\u015awi\u0105teczna integracja uczni\u00f3w"},"content":{"rendered":"<p><span style=\"color: #000000;\">W oczekiwaniu na radosne Bo\u017ce Narodzenie uczniowie naszej szko\u0142y z pomoc\u0105 swoich rodzic\u00f3w i wychowawc\u00f3w przygotowali klasowe wigilie. Aromatyczne zapachy przygotowanych potraw, b\u0142yszcz\u0105ce lampki oraz barwne choinki to tylko niekt\u00f3re z element\u00f3w sal lekcyjnych, kt\u00f3re stworzy\u0142y magiczny klimat nadchodz\u0105cych \u015bwi\u0105t. Podczas klasowych wigilii nie zabrak\u0142o czasu na dzielenie si\u0119 op\u0142atkiem, serdeczne \u017cyczenia czy radosny \u015bpiew kol\u0119d i pastora\u0142ek. <\/span><\/p>\n<p><span style=\"color: #000000;\">Wsp\u00f3lnie sp\u0119dzony czas by\u0142 okazj\u0105 do chwilowego wytchnienia od szkolnych obowi\u0105zk\u00f3w i integracji z r\u00f3wie\u015bnikami. <\/span><\/p>\n<p><span style=\"color: #000000;\">Obchody wigilii klasowych, dzi\u0119ki uprzejmo\u015bci pani Marty Szumskiej, zosta\u0142y uwiecznione na zdj\u0119ciach. Kolejne \u015bwi\u0105teczne spotkania za rok, ale&nbsp;towarzysz\u0105ca im \u017cyczliwo\u015b\u0107 i dobro\u0107 niech towarzyszy nam nie tylko od \u015bwi\u0119ta.<\/span><\/p>\n<p><em><span style=\"color: #000000;\">Oprac: p. Justyna Wawrzy\u0144ska<\/span><\/em><\/p>\nngg_shortcode_0_placeholder\n","protected":false},"excerpt":{"rendered":"<p>&#46;&#46;&#46;<\/p>\n","protected":false},"author":4,"featured_media":8425,"comment_status":"open","ping_status":"open","sticky":false,"template":"","format":"standard","meta":{"ngg_post_thumbnail":0,"footnotes":""},"categories":[1],"tags":[],"class_list":["post-8419","post","type-post","status-publish","format-standard","has-post-thumbnail","hentry","category-wiadomosci"],"_links":{"self":[{"href":"https:\/\/sp22.pl\/nowa\/index.php\/wp-json\/wp\/v2\/posts\/8419","targetHints":{"allow":["GET"]}}],"collection":[{"href":"https:\/\/sp22.pl\/nowa\/index.php\/wp-json\/wp\/v2\/posts"}],"about":[{"href":"https:\/\/sp22.pl\/nowa\/index.php\/wp-json\/wp\/v2\/types\/post"}],"author":[{"embeddable":true,"href":"https:\/\/sp22.pl\/nowa\/index.php\/wp-json\/wp\/v2\/users\/4"}],"replies":[{"embeddable":true,"href":"https:\/\/sp22.pl\/nowa\/index.php\/wp-json\/wp\/v2\/comments?post=8419"}],"version-history":[{"count":4,"href":"https:\/\/sp22.pl\/nowa\/index.php\/wp-json\/wp\/v2\/posts\/8419\/revisions"}],"predecessor-version":[{"id":8424,"href":"https:\/\/sp22.pl\/nowa\/index.php\/wp-json\/wp\/v2\/posts\/8419\/revisions\/8424"}],"wp:featuredmedia":[{"embeddable":true,"href":"https:\/\/sp22.pl\/nowa\/index.php\/wp-json\/wp\/v2\/media\/8425"}],"wp:attachment":[{"href":"https:\/\/sp22.pl\/nowa\/index.php\/wp-json\/wp\/v2\/media?parent=8419"}],"wp:term":[{"taxonomy":"category","embeddable":true,"href":"https:\/\/sp22.pl\/nowa\/index.php\/wp-json\/wp\/v2\/categories?post=8419"},{"taxonomy":"post_tag","embeddable":true,"href":"https:\/\/sp22.pl\/nowa\/index.php\/wp-json\/wp\/v2\/tags?post=8419"}],"curies":[{"name":"wp","href":"https:\/\/api.w.org\/{rel}","templated":true}]}}