{"id":8307,"date":"2024-12-03T19:09:59","date_gmt":"2024-12-03T18:09:59","guid":{"rendered":"https:\/\/sp22.pl\/nowa\/?p=8307"},"modified":"2025-01-05T19:55:20","modified_gmt":"2025-01-05T18:55:20","slug":"przyjazna-klasa-listopad","status":"publish","type":"post","link":"https:\/\/sp22.pl\/nowa\/index.php\/2024\/12\/03\/przyjazna-klasa-listopad\/","title":{"rendered":"Przyjazna Klasa &#8211; listopad"},"content":{"rendered":"<p><span style=\"color: #000000;\">Listopad w naszej szkole up\u0142yn\u0105\u0142 pod has\u0142em dobroci, tolerancji i \u017cyczliwo\u015bci, a wszystkie podejmowane inicjatywy by\u0142y cz\u0119\u015bci\u0105 konkursu \u201ePrzyjazna Klasa\u201d. Celem dzia\u0142a\u0144 by\u0142o promowanie postaw otwarto\u015bci, empatii i wzajemnego wsparcia w naszej szkolnej spo\u0142eczno\u015bci. Poni\u017cej podsumowanie najwa\u017cniejszych wydarze\u0144:<\/span><\/p>\n<p><span style=\"color: #000000;\">\u2666 Dzie\u0144 Postaci z Bajek<\/span><br \/>\n<span style=\"color: #000000;\">Na pocz\u0105tku miesi\u0105ca uczniowie wzi\u0119li udzia\u0142 w Dniu Postaci z Bajek. Kolorowe stroje, kreatywne przebrania i dobra zabawa wype\u0142ni\u0142y szkolne korytarze. Dzie\u0144 ten przypomnia\u0142, \u017ce w bajkach cz\u0119sto ukryte s\u0105 warto\u015bci takie jak przyja\u017a\u0144, tolerancja i szacunek, kt\u00f3re s\u0105&nbsp;r\u00f3wnie\u017c istotne w codziennym \u017cyciu.<\/span><\/p>\n<p><span style=\"color: #000000;\">\u2666 S\u0142oiki z karteczkami \u201eCieszmy si\u0119 z ma\u0142ych rzeczy\u201d<\/span><br \/>\n<span style=\"color: #000000;\">Uczniowie mieli okazj\u0119 stworzy\u0107 \u201eS\u0142oiki dobroci\u201d, do kt\u00f3rych ka\u017cdy m\u00f3g\u0142 wrzuca\u0107 karteczki z zapisanymi drobnymi sytuacjami, kt\u00f3re spotka\u0142y ich ze strony koleg\u00f3w i kole\u017canek z klasy, a kt\u00f3re sprawi\u0142y im rado\u015b\u0107. Projekt ten mia\u0142 na celu nauk\u0119 dostrzegania pozytywnych moment\u00f3w w codziennym \u017cyciu i dzielenia si\u0119 nimi z innymi. S\u0142oiki by\u0142y pe\u0142ne inspiracji, a ich zawarto\u015b\u0107 pokaza\u0142a, jak&nbsp;wiele mamy powod\u00f3w do u\u015bmiechu.<\/span><\/p>\n<p><span style=\"color: #000000;\">\u2666 Obchody Dnia \u017byczliwo\u015bci<\/span><br \/>\n<span style=\"color: #000000;\">21 listopada ca\u0142a spo\u0142eczno\u015b\u0107 szkolna obchodzi\u0142a Dzie\u0144 \u017byczliwo\u015bci. Tego dnia szkolne korytarze roz\u015bwietli\u0142 kolor \u017c\u00f3\u0142ty \u2013 uczniowie i&nbsp;nauczyciele podkre\u015blili swoj\u0105 solidarno\u015b\u0107 z ide\u0105 \u017cyczliwo\u015bci poprzez ubi\u00f3r w tym radosnym kolorze. By\u0142o to symboliczne przypomnienie, jak wa\u017cne s\u0105 serdeczno\u015b\u0107 i wsparcie w budowaniu pozytywnej atmosfery w naszej szkole.<\/span><\/p>\n<p><span style=\"color: #000000;\">\u2666 Dzie\u0144 Pluszowego Misia<\/span><br \/>\n<span style=\"color: #000000;\">25 listopada w naszej szkole obchodzony by\u0142 radosny dzie\u0144. Uczniowie i pracownicy szko\u0142y przynie\u015bli swoje ulubione pluszaki, kt\u00f3re towarzyszy\u0142y im przez ca\u0142y czas. Wszyscy mogli wsp\u00f3lnie celebrowa\u0107 przyja\u017a\u0144, a atmosfera by\u0142a pe\u0142na ciep\u0142a, u\u015bmiech\u00f3w i przytulnych chwil z misiami.<\/span><\/p>\n<p><span style=\"color: #000000;\">Wszystkie inicjatywy listopadowe spotka\u0142y si\u0119 z ogromnym zaanga\u017cowaniem uczni\u00f3w oraz nauczycieli. Dzi\u0119ki wsp\u00f3lnym dzia\u0142aniom mogli\u015bmy nie tylko celebrowa\u0107 warto\u015bci takie jak dobro\u0107, tolerancja i \u017cyczliwo\u015b\u0107, ale tak\u017ce umacnia\u0107 wi\u0119zi w naszej szkolnej spo\u0142eczno\u015bci. Konkurs \u201ePrzyjazna Klasa\u201d nadal trwa, a zdobyte w listopadzie punkty z pewno\u015bci\u0105 przybli\u017cy\u0142y uczestnik\u00f3w do zwyci\u0119stwa.<\/span><\/p>\n<p><em><span style=\"color: #000000;\">Oprac. Celina Krysi\u0144ska<\/span><\/em><\/p>\nngg_shortcode_0_placeholder\n","protected":false},"excerpt":{"rendered":"<p>&#46;&#46;&#46;<\/p>\n","protected":false},"author":4,"featured_media":8308,"comment_status":"open","ping_status":"open","sticky":false,"template":"","format":"standard","meta":{"ngg_post_thumbnail":0,"footnotes":""},"categories":[1],"tags":[],"class_list":["post-8307","post","type-post","status-publish","format-standard","has-post-thumbnail","hentry","category-wiadomosci"],"_links":{"self":[{"href":"https:\/\/sp22.pl\/nowa\/index.php\/wp-json\/wp\/v2\/posts\/8307","targetHints":{"allow":["GET"]}}],"collection":[{"href":"https:\/\/sp22.pl\/nowa\/index.php\/wp-json\/wp\/v2\/posts"}],"about":[{"href":"https:\/\/sp22.pl\/nowa\/index.php\/wp-json\/wp\/v2\/types\/post"}],"author":[{"embeddable":true,"href":"https:\/\/sp22.pl\/nowa\/index.php\/wp-json\/wp\/v2\/users\/4"}],"replies":[{"embeddable":true,"href":"https:\/\/sp22.pl\/nowa\/index.php\/wp-json\/wp\/v2\/comments?post=8307"}],"version-history":[{"count":8,"href":"https:\/\/sp22.pl\/nowa\/index.php\/wp-json\/wp\/v2\/posts\/8307\/revisions"}],"predecessor-version":[{"id":8310,"href":"https:\/\/sp22.pl\/nowa\/index.php\/wp-json\/wp\/v2\/posts\/8307\/revisions\/8310"}],"wp:featuredmedia":[{"embeddable":true,"href":"https:\/\/sp22.pl\/nowa\/index.php\/wp-json\/wp\/v2\/media\/8308"}],"wp:attachment":[{"href":"https:\/\/sp22.pl\/nowa\/index.php\/wp-json\/wp\/v2\/media?parent=8307"}],"wp:term":[{"taxonomy":"category","embeddable":true,"href":"https:\/\/sp22.pl\/nowa\/index.php\/wp-json\/wp\/v2\/categories?post=8307"},{"taxonomy":"post_tag","embeddable":true,"href":"https:\/\/sp22.pl\/nowa\/index.php\/wp-json\/wp\/v2\/tags?post=8307"}],"curies":[{"name":"wp","href":"https:\/\/api.w.org\/{rel}","templated":true}]}}