{"id":8145,"date":"2024-12-27T09:21:39","date_gmt":"2024-12-27T08:21:39","guid":{"rendered":"https:\/\/sp22.pl\/nowa\/?p=8145"},"modified":"2025-01-03T11:07:36","modified_gmt":"2025-01-03T10:07:36","slug":"bozonarodzeniowe-koledowanie","status":"publish","type":"post","link":"https:\/\/sp22.pl\/nowa\/index.php\/2024\/12\/27\/bozonarodzeniowe-koledowanie\/","title":{"rendered":"Bo\u017conarodzeniowe kol\u0119dowanie"},"content":{"rendered":"<p><span style=\"color: #000000;\"><em>Tylko jedna jest taka noc\u2026 &#8211;<\/em> tak g\u0142osi jedna z polskich kol\u0119d. W\u0142a\u015bnie t\u0119 noc, noc Bo\u017cego Narodzenia, uczcili\u015bmy podczas szkolnej akademii, kt\u00f3ra odby\u0142a si\u0119 20 grudnia. Prowadz\u0105cymi \u015bwi\u0105teczne kol\u0119dowanie by\u0142y: Zosia \u017burek oraz Alicja Labryszewska. Dzi\u0119ki lektorkom oraz uczniom z klasy 3d przypomnieli\u015bmy sobie betlejemskie wydarzenia sprzed ponad 2000 lat. Wraz z ch\u00f3rem TuTu za\u015bpiewali\u015bmy najpi\u0119kniejsze polskie kol\u0119dy i pastora\u0142ki. Uroczysto\u015b\u0107 u\u015bwietni\u0142 r\u00f3wnie\u017c go\u015bcinny wyst\u0119p klasy 3a, podczas kt\u00f3rego uczniowie wykonali utw\u00f3r \u201eZa\u015bpiewajmy kol\u0119d\u0119\u201d. Bo\u017conarodzeniowe kol\u0119dowanie urozmaici\u0142a r\u00f3wnie\u017c szkolna grupa taneczna pod kierunkiem pa\u0144 Ewy i Anny Figurskich.<\/span><\/p>\n<p><span style=\"color: #000000;\">Ka\u017cda z obecnych os\u00f3b, dzi\u0119ki oprawie artystyczno-wokalnej oraz pi\u0119knym i tematycznym dekoracjom, do\u015bwiadczy\u0142a, bez w\u0105tpienia, magii zbli\u017caj\u0105cych si\u0119 \u015bwi\u0105t. <\/span><\/p>\n<p><span style=\"color: #000000;\">Na zako\u0144czenie uroczysto\u015bci uczniowie przypomnieli nam, jak wa\u017cne w \u017cyciu ka\u017cdego cz\u0142owieka s\u0105 takie cechy jak wra\u017cliwo\u015b\u0107, \u017cyczliwo\u015b\u0107 i pomocna d\u0142o\u0144.<\/span><\/p>\n<p><span style=\"color: #000000;\">Podczas kol\u0119dowania rozstrzygni\u0119ty zosta\u0142 r\u00f3wnie\u017c etap szkolny konkursu diecezjalnego rodzinnych szopek bo\u017conarodzeniowych. Pani&nbsp;Ma\u0142gorzata Bartosiak wraz z przedstawicielk\u0105 Rady Rodzic\u00f3w &#8211; Pani\u0105 Ann\u0105 Marcinkowsk\u0105 &#8211; wr\u0119czy\u0142a nagrody laureatom. <\/span><\/p>\n<p><span style=\"color: #000000;\">W tym roku szkolnym nagrodzeni zostali:<\/span><\/p>\n<p><span style=\"color: #000000;\">I miejsce &#8211; Lara Urba\u0144ska (Ib)<\/span><br \/>\n<span style=\"color: #000000;\">II miejsce \u2013 Basia Sztupecka (IVe)<\/span><br \/>\n<span style=\"color: #000000;\">III miejsce \u2013 Lena \u017beberkiewicz (VIc)<\/span><br \/>\n<span style=\"color: #000000;\">Wyr\u00f3\u017cnienie \u2013 Hania Jankowska (Ia)<\/span><\/p>\n<p><span style=\"color: #000000;\">Nagrody zosta\u0142y ufundowane m.in. z pieni\u0119dzy przekazanych przez Rad\u0119 Rodzic\u00f3w. <\/span><\/p>\n<p><span style=\"color: #000000;\">Zwie\u0144czeniem akademii by\u0142y najserdeczniejsze \u017cyczenia bo\u017conarodzeniowe i noworoczne, kt\u00f3re z\u0142o\u017cy\u0142a wszystkim Pani Dyrektor Marlena B\u0142achowicz. <\/span><\/p>\n<p><span style=\"color: #000000;\">Bo\u017conarodzeniowe kol\u0119dowanie koordynowane by\u0142o przez p. Lidi\u0119 Dziewi\u0119ck\u0105 przy wsp\u00f3\u0142pracy z Ma\u0142gorzat\u0105 Bartosiak, Ann\u0105 Figursk\u0105, Ew\u0105 Figursk\u0105, \u0141ukaszem Grockim, ks. Piotrem Szulcem, ks. W\u0142odzimierzem Gawlikowskim, Edyt\u0105 Wo\u017aniak, Justyn\u0105 Wawrzy\u0144sk\u0105 i Ann\u0105 Zdrojewsk\u0105.<\/span><\/p>\n<p><span style=\"color: #000000;\">Etap szkolny diecezjalnego konkursu rodzinnych szopek bo\u017conarodzeniowych koordynowa\u0142a p. Ma\u0142gorzata Bartosiak z pomoc\u0105: p. Edyty Wo\u017aniak, p. Anny Zdrojewskiej i ks. Piotra Szulca.<\/span><\/p>\n<p><span style=\"color: #000000;\"><em>oprac. Justyna Wawrzy\u0144ska<\/em><\/span><\/p>\nngg_shortcode_0_placeholder\n","protected":false},"excerpt":{"rendered":"<p>&#46;&#46;&#46;<\/p>\n","protected":false},"author":4,"featured_media":8146,"comment_status":"open","ping_status":"open","sticky":false,"template":"","format":"standard","meta":{"ngg_post_thumbnail":0,"footnotes":""},"categories":[1],"tags":[],"class_list":["post-8145","post","type-post","status-publish","format-standard","has-post-thumbnail","hentry","category-wiadomosci"],"_links":{"self":[{"href":"https:\/\/sp22.pl\/nowa\/index.php\/wp-json\/wp\/v2\/posts\/8145","targetHints":{"allow":["GET"]}}],"collection":[{"href":"https:\/\/sp22.pl\/nowa\/index.php\/wp-json\/wp\/v2\/posts"}],"about":[{"href":"https:\/\/sp22.pl\/nowa\/index.php\/wp-json\/wp\/v2\/types\/post"}],"author":[{"embeddable":true,"href":"https:\/\/sp22.pl\/nowa\/index.php\/wp-json\/wp\/v2\/users\/4"}],"replies":[{"embeddable":true,"href":"https:\/\/sp22.pl\/nowa\/index.php\/wp-json\/wp\/v2\/comments?post=8145"}],"version-history":[{"count":5,"href":"https:\/\/sp22.pl\/nowa\/index.php\/wp-json\/wp\/v2\/posts\/8145\/revisions"}],"predecessor-version":[{"id":8151,"href":"https:\/\/sp22.pl\/nowa\/index.php\/wp-json\/wp\/v2\/posts\/8145\/revisions\/8151"}],"wp:featuredmedia":[{"embeddable":true,"href":"https:\/\/sp22.pl\/nowa\/index.php\/wp-json\/wp\/v2\/media\/8146"}],"wp:attachment":[{"href":"https:\/\/sp22.pl\/nowa\/index.php\/wp-json\/wp\/v2\/media?parent=8145"}],"wp:term":[{"taxonomy":"category","embeddable":true,"href":"https:\/\/sp22.pl\/nowa\/index.php\/wp-json\/wp\/v2\/categories?post=8145"},{"taxonomy":"post_tag","embeddable":true,"href":"https:\/\/sp22.pl\/nowa\/index.php\/wp-json\/wp\/v2\/tags?post=8145"}],"curies":[{"name":"wp","href":"https:\/\/api.w.org\/{rel}","templated":true}]}}