{"id":8063,"date":"2024-12-19T05:00:14","date_gmt":"2024-12-19T04:00:14","guid":{"rendered":"https:\/\/sp22.pl\/nowa\/?p=8063"},"modified":"2024-12-20T05:13:56","modified_gmt":"2024-12-20T04:13:56","slug":"przeglad-koled-i-pastoralek","status":"publish","type":"post","link":"https:\/\/sp22.pl\/nowa\/index.php\/2024\/12\/19\/przeglad-koled-i-pastoralek\/","title":{"rendered":"Przegl\u0105d Kol\u0119d i Pastora\u0142ek"},"content":{"rendered":"<p><span style=\"color: #000000;\">10 grudnia 2024 roku odby\u0142o si\u0119 uroczyste rozstrzygni\u0119cie Przegl\u0105du Kol\u0119d i Pastora\u0142ek.<\/span><\/p>\n<p><span style=\"color: #000000;\">Koordynatorkami powy\u017cszego przedsi\u0119wzi\u0119cia by\u0142y: p. Karolina Go\u015bciniak i p. Iwona J\u0119drzejewska.<\/span><\/p>\n<p><span style=\"color: #000000;\">Jury, po burzliwych obradach, nagrodzi\u0142o wszystkich uczestnik\u00f3w dyplomami i nagrodami, kt\u00f3re wr\u0119czy\u0142a wicedyrektor szko\u0142y p. Monika Przemy\u0142ska.<\/span><\/p>\n<p><span style=\"color: #000000;\">Uczestniczy przegl\u0105du: Izabela Dembkiewicz, Emila Chwal, Iga Go\u015bciniak, Agata Rz\u0119darska, Amelia Grodzicka, Kornelia Jewu\u0142a, Victoria Koz\u0142owska, Barbara Krawczy\u0144ska, Aleksandra Marciniak, Alicja Sukiennik, Maria Chiba, Lena B\u0105blewska, Barbara Piotrowska, Gabriela Waszkiewicz, Adam Go\u015bciniak, Kacper Jagielski, Emilia K\u0142osi\u0144ska, Nela Mendalka.<\/span><\/p>\n<p><span style=\"color: #000000;\">Za udzia\u0142 w tegorocznym Przegl\u0105dzie Kol\u0119d i Pastora\u0142ek bardzo dzi\u0119kujemy.<\/span><\/p>\n<p><em><span style=\"color: #000000;\">Oprac. Karolina Go\u015bciniak, Iwona J\u0119drzejewska<\/span><\/em><\/p>\n<p><img loading=\"lazy\" decoding=\"async\" class=\"alignnone size-full wp-image-8064\" src=\"https:\/\/sp22.pl\/nowa\/wp-content\/uploads\/2024\/12\/przeglad_koled_pastoralek_swietlica_2024_2025.jpg\" alt=\"\" width=\"2000\" height=\"1333\" srcset=\"https:\/\/sp22.pl\/nowa\/wp-content\/uploads\/2024\/12\/przeglad_koled_pastoralek_swietlica_2024_2025.jpg 2000w, https:\/\/sp22.pl\/nowa\/wp-content\/uploads\/2024\/12\/przeglad_koled_pastoralek_swietlica_2024_2025-300x200.jpg 300w, https:\/\/sp22.pl\/nowa\/wp-content\/uploads\/2024\/12\/przeglad_koled_pastoralek_swietlica_2024_2025-1024x682.jpg 1024w, https:\/\/sp22.pl\/nowa\/wp-content\/uploads\/2024\/12\/przeglad_koled_pastoralek_swietlica_2024_2025-768x512.jpg 768w, https:\/\/sp22.pl\/nowa\/wp-content\/uploads\/2024\/12\/przeglad_koled_pastoralek_swietlica_2024_2025-1536x1024.jpg 1536w\" sizes=\"auto, (max-width: 2000px) 100vw, 2000px\" \/><\/p>\n","protected":false},"excerpt":{"rendered":"<p>&#46;&#46;&#46;<\/p>\n","protected":false},"author":4,"featured_media":8065,"comment_status":"open","ping_status":"open","sticky":false,"template":"","format":"standard","meta":{"ngg_post_thumbnail":0,"footnotes":""},"categories":[1],"tags":[],"class_list":["post-8063","post","type-post","status-publish","format-standard","has-post-thumbnail","hentry","category-wiadomosci"],"_links":{"self":[{"href":"https:\/\/sp22.pl\/nowa\/index.php\/wp-json\/wp\/v2\/posts\/8063","targetHints":{"allow":["GET"]}}],"collection":[{"href":"https:\/\/sp22.pl\/nowa\/index.php\/wp-json\/wp\/v2\/posts"}],"about":[{"href":"https:\/\/sp22.pl\/nowa\/index.php\/wp-json\/wp\/v2\/types\/post"}],"author":[{"embeddable":true,"href":"https:\/\/sp22.pl\/nowa\/index.php\/wp-json\/wp\/v2\/users\/4"}],"replies":[{"embeddable":true,"href":"https:\/\/sp22.pl\/nowa\/index.php\/wp-json\/wp\/v2\/comments?post=8063"}],"version-history":[{"count":1,"href":"https:\/\/sp22.pl\/nowa\/index.php\/wp-json\/wp\/v2\/posts\/8063\/revisions"}],"predecessor-version":[{"id":8066,"href":"https:\/\/sp22.pl\/nowa\/index.php\/wp-json\/wp\/v2\/posts\/8063\/revisions\/8066"}],"wp:featuredmedia":[{"embeddable":true,"href":"https:\/\/sp22.pl\/nowa\/index.php\/wp-json\/wp\/v2\/media\/8065"}],"wp:attachment":[{"href":"https:\/\/sp22.pl\/nowa\/index.php\/wp-json\/wp\/v2\/media?parent=8063"}],"wp:term":[{"taxonomy":"category","embeddable":true,"href":"https:\/\/sp22.pl\/nowa\/index.php\/wp-json\/wp\/v2\/categories?post=8063"},{"taxonomy":"post_tag","embeddable":true,"href":"https:\/\/sp22.pl\/nowa\/index.php\/wp-json\/wp\/v2\/tags?post=8063"}],"curies":[{"name":"wp","href":"https:\/\/api.w.org\/{rel}","templated":true}]}}