{"id":7950,"date":"2024-12-11T20:50:21","date_gmt":"2024-12-11T19:50:21","guid":{"rendered":"https:\/\/sp22.pl\/nowa\/?p=7950"},"modified":"2024-12-15T20:45:51","modified_gmt":"2024-12-15T19:45:51","slug":"miedzynarodowy-dzien-osob-z-niepelnosprawnosciami","status":"publish","type":"post","link":"https:\/\/sp22.pl\/nowa\/index.php\/2024\/12\/11\/miedzynarodowy-dzien-osob-z-niepelnosprawnosciami\/","title":{"rendered":"Dzie\u0144 Os\u00f3b z Niepe\u0142nosprawno\u015bciami"},"content":{"rendered":"<p><span style=\"color: #000000;\">2 grudnia obchodzili\u015bmy w naszej Szkole Mi\u0119dzynarodowy Dzie\u0144 Os\u00f3b z Niepe\u0142nosprawno\u015bciami.<\/span><\/p>\n<p><span style=\"color: #000000;\">By\u0142a to kolejna okazja do podkre\u015blenia znaczenia akceptacji, szacunku oraz r\u00f3wno\u015bci, co jest niezb\u0119dne w budowaniu, mi\u0119dzy dzie\u0107mi i&nbsp;m\u0142odymi lud\u017ami, empatii oraz wzajemnego zrozumienia.<\/span><\/p>\n<p><span style=\"color: #000000;\">W ramach szkolnych obchod\u00f3w, na korytarzach budynku ma\u0142ej i du\u017cej szko\u0142y, zorganizowano wystawy tematyczne oraz wyeksponowano plakaty. Podczas zaj\u0119\u0107 z Wychowawcami odby\u0142y si\u0119 pogadanki oraz projekcje film\u00f3w, w kt\u00f3rych dzieci z&nbsp;niepe\u0142nosprawno\u015bciami opowiadaj\u0105 o tym, jak radz\u0105 sobie na co dzie\u0144. Najwi\u0119ksz\u0105 jednak rado\u015b\u0107 sprawi\u0142, realizowany z okazji Mi\u0119dzynarodowego Dnia Os\u00f3b z Niepe\u0142nosprawno\u015bciami, projekt plastyczny pod has\u0142em \u201eWszyscy Razem\u201d, w kt\u00f3ry zostali zaanga\u017cowani Uczniowie klas I-VI. Zosta\u0142 on, w pe\u0142nym kszta\u0142cie, zaprezentowany spo\u0142eczno\u015bci szkolnej 2 grudnia na forum du\u017cej szko\u0142y wraz ze specjalnie przygotowanym z tej okazji uk\u0142adem tanecznym do utworu \u201eMo\u017cesz wszystko\u201d &#8211; Tabba i Sound\u2019n\u2019Grace.<\/span><\/p>\n<p><span style=\"color: #000000;\"><em>Opracowanie: Joanna Poddenek<\/em><\/span><\/p>\nngg_shortcode_0_placeholder\n","protected":false},"excerpt":{"rendered":"<p>&#46;&#46;&#46;<\/p>\n","protected":false},"author":4,"featured_media":7951,"comment_status":"open","ping_status":"open","sticky":false,"template":"","format":"standard","meta":{"ngg_post_thumbnail":0,"footnotes":""},"categories":[1],"tags":[],"class_list":["post-7950","post","type-post","status-publish","format-standard","has-post-thumbnail","hentry","category-wiadomosci"],"_links":{"self":[{"href":"https:\/\/sp22.pl\/nowa\/index.php\/wp-json\/wp\/v2\/posts\/7950","targetHints":{"allow":["GET"]}}],"collection":[{"href":"https:\/\/sp22.pl\/nowa\/index.php\/wp-json\/wp\/v2\/posts"}],"about":[{"href":"https:\/\/sp22.pl\/nowa\/index.php\/wp-json\/wp\/v2\/types\/post"}],"author":[{"embeddable":true,"href":"https:\/\/sp22.pl\/nowa\/index.php\/wp-json\/wp\/v2\/users\/4"}],"replies":[{"embeddable":true,"href":"https:\/\/sp22.pl\/nowa\/index.php\/wp-json\/wp\/v2\/comments?post=7950"}],"version-history":[{"count":8,"href":"https:\/\/sp22.pl\/nowa\/index.php\/wp-json\/wp\/v2\/posts\/7950\/revisions"}],"predecessor-version":[{"id":7959,"href":"https:\/\/sp22.pl\/nowa\/index.php\/wp-json\/wp\/v2\/posts\/7950\/revisions\/7959"}],"wp:featuredmedia":[{"embeddable":true,"href":"https:\/\/sp22.pl\/nowa\/index.php\/wp-json\/wp\/v2\/media\/7951"}],"wp:attachment":[{"href":"https:\/\/sp22.pl\/nowa\/index.php\/wp-json\/wp\/v2\/media?parent=7950"}],"wp:term":[{"taxonomy":"category","embeddable":true,"href":"https:\/\/sp22.pl\/nowa\/index.php\/wp-json\/wp\/v2\/categories?post=7950"},{"taxonomy":"post_tag","embeddable":true,"href":"https:\/\/sp22.pl\/nowa\/index.php\/wp-json\/wp\/v2\/tags?post=7950"}],"curies":[{"name":"wp","href":"https:\/\/api.w.org\/{rel}","templated":true}]}}