{"id":7837,"date":"2024-11-24T21:20:12","date_gmt":"2024-11-24T20:20:12","guid":{"rendered":"https:\/\/sp22.pl\/nowa\/?p=7837"},"modified":"2025-01-05T21:53:09","modified_gmt":"2025-01-05T20:53:09","slug":"przyjazna-klasa","status":"publish","type":"post","link":"https:\/\/sp22.pl\/nowa\/index.php\/2024\/11\/24\/przyjazna-klasa\/","title":{"rendered":"Przyjazna Klasa &#8211; pa\u017adziernik"},"content":{"rendered":"<p><span style=\"color: #000000;\">Na pocz\u0105tku pa\u017adziernika og\u0142oszono konkurs na \u201ePrzyjazn\u0105 Klas\u0119\u201d, kt\u00f3ry dedykowano uczniom klas 4-8.<br \/>\nOrganizatorami byli opiekunowie Samorz\u0105du Uczniowskiego. Do rywalizacji zg\u0142osi\u0142y si\u0119 22 klasy.<br \/>\n<\/span><br \/>\n<span style=\"color: #000000;\">Pa\u017adziernik by\u0142 zatem, dla naszych uczni\u00f3w i cz\u0142onk\u00f3w Rady Pedagogicznej, miesi\u0105cem pe\u0142nym zaanga\u017cowania i pozytywnej energii. Ka\u017cda klasa aktywnie w\u0142\u0105czy\u0142a si\u0119 w budowanie przyjaznej atmosfery, a kreatywno\u015b\u0107 uczni\u00f3w i wychowawc\u00f3w przeros\u0142a wszelkie oczekiwania.<br \/>\n<\/span><br \/>\n<span style=\"color: #000000;\">W minionym miesi\u0105cu klasy rywalizowa\u0142y w kilku zadaniach. W ich wykonaniu liczy\u0142a si\u0119: wsp\u00f3\u0142praca, pomoc innym oraz integracja zespo\u0142u klasowego. Widzieli\u015bmy wspania\u0142e przyk\u0142ady wzajemnego wsparcia i organizacj\u0119 ciekawych przedsi\u0119wzi\u0119\u0107.<\/span><br \/>\n<span style=\"color: #000000;\">Doceniamy ka\u017cd\u0105 inicjatyw\u0119 \u2013 od ma\u0142ych gest\u00f3w \u017cyczliwo\u015bci, po ambitne projekty!<br \/>\n<\/span><br \/>\n<span style=\"color: #000000;\">Komisja konkursowa przyzna\u0142a punkty za nast\u0119puj\u0105ce aktywno\u015bci:<br \/>\n<\/span><br \/>\n<span style=\"color: #000000;\">\u2022 wykonanie (w Szkolnym Tygodniu Zdrowia Psychicznego: 10-17 pa\u017adziernika) s\u0142oika pozytywnych my\u015bli,<br \/>\n<\/span><br \/>\n<span style=\"color: #000000;\">\u2022 umieszczenie na klasowej gazetce materia\u0142\u00f3w na temat zdrowia psychicznego, przygotowanych przez organizator\u00f3w,<br \/>\n<\/span><br \/>\n<span style=\"color: #000000;\">\u2022 udzia\u0142 w Dniu Gier Planszowych (10.10.2024r.),<br \/>\n<\/span><br \/>\n<span style=\"color: #000000;\">\u2022 przygotowanie, podczas lekcji wychowawczej plakatu o przyja\u017ani &#8222;Ka\u017cdy z nas potrafi wiele, ale razem mo\u017cemy wi\u0119cej&#8221;.<br \/>\n<\/span><br \/>\n<span style=\"color: #000000;\">Z przyjemno\u015bci\u0105 og\u0142aszamy, \u017ce na prowadzenie wysun\u0119\u0142y si\u0119 klasy 4c, 4a i 5b, kt\u00f3re zdoby\u0142y najwi\u0119cej punkt\u00f3w za realizacj\u0119 zada\u0144 konkursowych.<br \/>\n<\/span><br \/>\n<span style=\"color: #000000;\">Gratulujemy wszystkim zaanga\u017cowanym i zach\u0119camy do dalszej aktywno\u015bci!<br \/>\n<\/span><br \/>\n<span style=\"color: #000000;\">Listopad przyniesie nowe wyzwania i kolejne okazje do zdobycia punkt\u00f3w w wy\u015bcigu <\/span><br \/>\n<span style=\"color: #000000;\">o tytu\u0142 \u201ePrzyjaznej Klasy\u201d. <\/span><br \/>\n<span style=\"color: #000000;\">Trzymamy kciuki i dzi\u0119kujemy za zaanga\u017cowanie!<\/span><\/p>\n<p><em><span style=\"color: #000000;\">Opiekunowie Samorz\u0105du Uczniowskiego:<\/span><\/em><br \/>\n<em><span style=\"color: #000000;\">Celina Krysi\u0144ska, Halina Mielcarek i Aneta Szatkowska<\/span><\/em><\/p>\nngg_shortcode_0_placeholder\n","protected":false},"excerpt":{"rendered":"<p>&#46;&#46;&#46;<\/p>\n","protected":false},"author":4,"featured_media":7840,"comment_status":"open","ping_status":"open","sticky":false,"template":"","format":"standard","meta":{"ngg_post_thumbnail":0,"footnotes":""},"categories":[1],"tags":[],"class_list":["post-7837","post","type-post","status-publish","format-standard","has-post-thumbnail","hentry","category-wiadomosci"],"_links":{"self":[{"href":"https:\/\/sp22.pl\/nowa\/index.php\/wp-json\/wp\/v2\/posts\/7837","targetHints":{"allow":["GET"]}}],"collection":[{"href":"https:\/\/sp22.pl\/nowa\/index.php\/wp-json\/wp\/v2\/posts"}],"about":[{"href":"https:\/\/sp22.pl\/nowa\/index.php\/wp-json\/wp\/v2\/types\/post"}],"author":[{"embeddable":true,"href":"https:\/\/sp22.pl\/nowa\/index.php\/wp-json\/wp\/v2\/users\/4"}],"replies":[{"embeddable":true,"href":"https:\/\/sp22.pl\/nowa\/index.php\/wp-json\/wp\/v2\/comments?post=7837"}],"version-history":[{"count":6,"href":"https:\/\/sp22.pl\/nowa\/index.php\/wp-json\/wp\/v2\/posts\/7837\/revisions"}],"predecessor-version":[{"id":8292,"href":"https:\/\/sp22.pl\/nowa\/index.php\/wp-json\/wp\/v2\/posts\/7837\/revisions\/8292"}],"wp:featuredmedia":[{"embeddable":true,"href":"https:\/\/sp22.pl\/nowa\/index.php\/wp-json\/wp\/v2\/media\/7840"}],"wp:attachment":[{"href":"https:\/\/sp22.pl\/nowa\/index.php\/wp-json\/wp\/v2\/media?parent=7837"}],"wp:term":[{"taxonomy":"category","embeddable":true,"href":"https:\/\/sp22.pl\/nowa\/index.php\/wp-json\/wp\/v2\/categories?post=7837"},{"taxonomy":"post_tag","embeddable":true,"href":"https:\/\/sp22.pl\/nowa\/index.php\/wp-json\/wp\/v2\/tags?post=7837"}],"curies":[{"name":"wp","href":"https:\/\/api.w.org\/{rel}","templated":true}]}}