{"id":7786,"date":"2024-12-07T21:19:53","date_gmt":"2024-12-07T20:19:53","guid":{"rendered":"https:\/\/sp22.pl\/nowa\/?p=7786"},"modified":"2024-12-11T21:45:14","modified_gmt":"2024-12-11T20:45:14","slug":"konkurs-lamancow-jezykowych","status":"publish","type":"post","link":"https:\/\/sp22.pl\/nowa\/index.php\/2024\/12\/07\/konkurs-lamancow-jezykowych\/","title":{"rendered":"Konkurs \u0141ama\u0144c\u00f3w J\u0119zykowych"},"content":{"rendered":"<p><span style=\"font-family: Arial, sans-serif; color: #000000;\">S\u0105 w naszej szkole \u015bmia\u0142kowie, kt\u00f3rzy podj\u0119li wyzwanie i stan\u0119li oko w oko z najtrudniejszymi wyra\u017ceniami z j\u0119zyka niemieckiego! Ch\u0119tni uczniowie klas 7. i 8. zmierzyli si\u0119 19 listopada w konkursie \u0142ama\u0144c\u00f3w j\u0119zykowych &#8211; &#8222;Zungenbrecher&#8221;. Komisja ocenia\u0142a tempo, p\u0142ynno\u015b\u0107 i poprawno\u015b\u0107 wymowy wybranych przez uczestnik\u00f3w trudnych do wym\u00f3wienia zda\u0144. Uczennice i uczniowie poradzili sobie wspaniale, dlatego nagrodzono a\u017c cztery osoby. Pierwsze miejsce zaj\u0119\u0142a Alicja J\u00f3\u017awiak z klasy 8C, na drugim miejscu by\u0142 Antoni Dziewulski z klasy 7D, za\u015b podium zamyka\u0142a Olga Korzeniewska z kl. 8C. Wyr\u00f3\u017cnienie otrzyma\u0142a uczennica klasy 7B Wiktoria Rychlik. Wszystkie uczestniczki i uczestnicy otrzymali dyplomy i symboliczne nagrody. Gratulujemy!<\/span><\/p>\n<p><span style=\"color: #000000;\"><em>Oprac. Katarzyna Oziemblewska<\/em><\/span><\/p>\nngg_shortcode_0_placeholder\n","protected":false},"excerpt":{"rendered":"<p>&#46;&#46;&#46;<\/p>\n","protected":false},"author":5,"featured_media":7790,"comment_status":"open","ping_status":"open","sticky":false,"template":"","format":"standard","meta":{"ngg_post_thumbnail":0,"footnotes":""},"categories":[1],"tags":[],"class_list":["post-7786","post","type-post","status-publish","format-standard","has-post-thumbnail","hentry","category-wiadomosci"],"_links":{"self":[{"href":"https:\/\/sp22.pl\/nowa\/index.php\/wp-json\/wp\/v2\/posts\/7786","targetHints":{"allow":["GET"]}}],"collection":[{"href":"https:\/\/sp22.pl\/nowa\/index.php\/wp-json\/wp\/v2\/posts"}],"about":[{"href":"https:\/\/sp22.pl\/nowa\/index.php\/wp-json\/wp\/v2\/types\/post"}],"author":[{"embeddable":true,"href":"https:\/\/sp22.pl\/nowa\/index.php\/wp-json\/wp\/v2\/users\/5"}],"replies":[{"embeddable":true,"href":"https:\/\/sp22.pl\/nowa\/index.php\/wp-json\/wp\/v2\/comments?post=7786"}],"version-history":[{"count":6,"href":"https:\/\/sp22.pl\/nowa\/index.php\/wp-json\/wp\/v2\/posts\/7786\/revisions"}],"predecessor-version":[{"id":7819,"href":"https:\/\/sp22.pl\/nowa\/index.php\/wp-json\/wp\/v2\/posts\/7786\/revisions\/7819"}],"wp:featuredmedia":[{"embeddable":true,"href":"https:\/\/sp22.pl\/nowa\/index.php\/wp-json\/wp\/v2\/media\/7790"}],"wp:attachment":[{"href":"https:\/\/sp22.pl\/nowa\/index.php\/wp-json\/wp\/v2\/media?parent=7786"}],"wp:term":[{"taxonomy":"category","embeddable":true,"href":"https:\/\/sp22.pl\/nowa\/index.php\/wp-json\/wp\/v2\/categories?post=7786"},{"taxonomy":"post_tag","embeddable":true,"href":"https:\/\/sp22.pl\/nowa\/index.php\/wp-json\/wp\/v2\/tags?post=7786"}],"curies":[{"name":"wp","href":"https:\/\/api.w.org\/{rel}","templated":true}]}}