{"id":7719,"date":"2024-12-12T14:09:36","date_gmt":"2024-12-12T13:09:36","guid":{"rendered":"https:\/\/sp22.pl\/nowa\/?p=7719"},"modified":"2024-12-15T20:38:00","modified_gmt":"2024-12-15T19:38:00","slug":"i-powiatowa-konferencja-cudowne-i-niepojete","status":"publish","type":"post","link":"https:\/\/sp22.pl\/nowa\/index.php\/2024\/12\/12\/i-powiatowa-konferencja-cudowne-i-niepojete\/","title":{"rendered":"I Powiatowa Konferencja dla Nauczycieli Cudowne i Niepoj\u0119te"},"content":{"rendered":"<p style=\"text-align: justify;\"><span style=\"color: #000000;\">&nbsp; &nbsp; &nbsp;27 listopada 2024r. odby\u0142a si\u0119 <strong>I Powiatowa Konferencja <em>Cudowne i Niepoj\u0119te. Edukacja dzieci i m\u0142odzie\u017cy w spektrum autyzmu.<\/em><\/strong><br \/>\n&nbsp; &nbsp; &nbsp;Zosta\u0142a ona zorganizowana przez Starost\u0119 P\u0142ockiego &#8211; Pana Sylwestra Ziemkiewicza, Kierownika Delegatury Urz\u0119du Wojew\u00f3dzkiego w P\u0142ocku &#8211; Pana Bogdana Banaszczaka, W\u00f3jta Gminy Brudze\u0144 Du\u017cy &#8211; Pana Micha\u0142a Twardego, a tak\u017ce Szko\u0142\u0119 Podstawow\u0105 im.&nbsp;M.Konopnickiej w Siecieniu oraz nasz\u0105 plac\u00f3wk\u0119. Konferencja by\u0142a obj\u0119ta honorowym patronatem Ministra Edukacji Narodowej &#8211; Pani Barbary Nowackiej, Wojewody Mazowieckiego &#8211; Pana Mariusza Frankowskiego, Mazowieckiego Kuratora O\u015bwiaty &#8211; Pani Wioletty Krzy\u017canowskiej, Starosty P\u0142ockiego &#8211; Pana Sylwestra Ziemkiewicza oraz Prezydenta Miasta P\u0142ocka &#8211; Pana Andrzeja Nowakowskiego.<br \/>\n<\/span><br \/>\n<span style=\"color: #000000;\">&nbsp; &nbsp; &nbsp; Celem konferencji by\u0142a popularyzacja wiedzy na temat funkcjonowania uczni\u00f3w ze spektrum autyzmu w polskiej rzeczywisto\u015bci szkolnej, w szerokiej perspektywie diagnozy, terapii, edukacji oraz dzia\u0142a\u0144 rodzicielskich. Spotkanie mia\u0142o miejsce w pi\u0119knej auli Art&nbsp;Deco Muzeum Mazowieckiego w P\u0142ocku, a jego adresatami byli rodzice, nauczyciele oraz w\u0142adze szk\u00f3\u0142 powiatu p\u0142ockiego.<br \/>\n<\/span><br \/>\n<span style=\"color: #000000;\">&nbsp; &nbsp; Konferencja odby\u0142a si\u0119 z udzia\u0142em wielu przedstawicieli w\u0142adz wojew\u00f3dztwa, powiatu i naszego miasta. Na wst\u0119pie g\u0142os zabrali: Pan&nbsp;Sylwester Ziemkiewicz &#8211; Starosta P\u0142ocki, Pan Micha\u0142 Twardy &#8211; W\u00f3jt Gminy Brudze\u0144 Du\u017cy, Pan Bogdan B\u0142aszczak &#8211; Kierownik Delegatury Urz\u0119du Wojew\u00f3dzkiego w P\u0142ocku, Pan Lech D\u0105browski &#8211; Przewodnicz\u0105cy Rady Powiatu P\u0142ockiego, Pani Anna Wi\u015bniewska &#8211; Dyrektor Kuratorium O\u015bwiaty w Warszawie Delegatura w P\u0142ocku i Pani Agnieszka Harabasz &#8211; Dyrektor Wydzia\u0142u Edukacji Urz\u0119du Miasta P\u0142ocka.<br \/>\n<\/span><br \/>\n<span style=\"color: #000000;\">&nbsp; &nbsp; P\u00f3\u017anej wyst\u0105pili zaproszeni prelegenci. Jako pierwsza g\u0142os zabra\u0142a, online, Pani Izabela Zi\u0119tka &#8211; Podsekretarz Stanu w Ministerstwie Edukacji Narodowej, pedagog specjalny, neurologopeda, polonistka. Swoimi rodzicielskimi refleksjami podzieli\u0142a si\u0119 nast\u0119pnie Pani Doktor Monika Jarz\u0119bska- rodzic dziecka ze spektrum autyzmu, urz\u0119dnik pa\u0144stwowy i wyk\u0142adowca akademicki. Kolejnym prelegentem by\u0142a Pani Izabela Wysocka- terapeuta, rehabilitant dzieci z dysfunkcjami i zaburzeniami rozwojowymi, kt\u00f3ra m\u00f3wi\u0142a o terapii dzieci w&nbsp;spektrum autyzmu w szkole masowej.<br \/>\n<\/span><br \/>\n<span style=\"color: #000000;\">&nbsp; &nbsp; Jako kolejny wyst\u0105pi\u0142 Pan Maciej B\u0142aszczyk &#8211; Dyrektor Szko\u0142y Podstawowej w Siecieniu i Pani Marlena B\u0142achowicz &#8211; Dyrektor naszej Szko\u0142y. Oboje Pa\u0144stwo dzielili si\u0119 swoimi refleksami dotycz\u0105cymi organizacji pracy w\u0142asnych plac\u00f3wek pod k\u0105tem uczni\u00f3w w spektrum autyzmu. Jako ostatnia g\u0142os zabra\u0142a Pani Dagmara G\u0105secka &#8211; Dyrektor Powiatowej Poradni Psychologiczno &#8211; Pedagogicznej w P\u0142ocku, m\u00f3wi\u0105c o diagnozie dzieci w spektrum autyzmu.<\/span><br \/>\n<span style=\"color: #000000;\">Po wyst\u0105pieniach prelegent\u00f3w uczestnicy spotkania dyskutowali nad organizacj\u0105 pracy w szko\u0142ach w aspekcie mo\u017cliwo\u015bci i potrzeb uczni\u00f3w w spektrum autyzmu.<br \/>\n<\/span><br \/>\n<span style=\"color: #000000;\">&nbsp; &nbsp; W konferencji uczestniczyli r\u00f3wnie\u017c pedagodzy naszej Szko\u0142y, a Pan \u0141ukasz Grocki, jako prowadz\u0105cy spotkanie, i Pan S\u0142awomir Wilko\u0144ski, nasz szkolny informatyk dbaj\u0105cy o wymiar multimedialny konferencji, spisali si\u0119 \u015bwietnie. Zdj\u0119cia wykona\u0142a Pani Marta Szumska, a nad organizacj\u0105 czuwa\u0142a Wicedyrektor &#8211; Pani Monika Przemy\u0142ska oraz Pani Monika Kopka &#8211; Wonsowska. Autork\u0105 filmu prezentuj\u0105cego Szko\u0142\u0119 Podstawow\u0105 w Siecieniu oraz nasz\u0105 plac\u00f3wk\u0119 by\u0142a Wicedyrektor &#8211; Pani Agnieszka Gawli\u0144ska, a zaproszenia na&nbsp;konferencj\u0119 przygotowa\u0142a Pani Beata Michalak.<br \/>\n<\/span><\/p>\n<p style=\"text-align: justify;\"><span style=\"color: #000000;\">Konferencja zyska\u0142a wiele pozytywnych opinii i mamy nadziej\u0119, \u017ce da\u0142a pocz\u0105tek podobnym, cyklicznym, przedsi\u0119wzi\u0119ciom.<\/span><\/p>\nngg_shortcode_0_placeholder\n","protected":false},"excerpt":{"rendered":"<p>&#46;&#46;&#46;<\/p>\n","protected":false},"author":4,"featured_media":7750,"comment_status":"open","ping_status":"open","sticky":false,"template":"","format":"standard","meta":{"ngg_post_thumbnail":0,"footnotes":""},"categories":[1],"tags":[],"class_list":["post-7719","post","type-post","status-publish","format-standard","has-post-thumbnail","hentry","category-wiadomosci"],"_links":{"self":[{"href":"https:\/\/sp22.pl\/nowa\/index.php\/wp-json\/wp\/v2\/posts\/7719","targetHints":{"allow":["GET"]}}],"collection":[{"href":"https:\/\/sp22.pl\/nowa\/index.php\/wp-json\/wp\/v2\/posts"}],"about":[{"href":"https:\/\/sp22.pl\/nowa\/index.php\/wp-json\/wp\/v2\/types\/post"}],"author":[{"embeddable":true,"href":"https:\/\/sp22.pl\/nowa\/index.php\/wp-json\/wp\/v2\/users\/4"}],"replies":[{"embeddable":true,"href":"https:\/\/sp22.pl\/nowa\/index.php\/wp-json\/wp\/v2\/comments?post=7719"}],"version-history":[{"count":56,"href":"https:\/\/sp22.pl\/nowa\/index.php\/wp-json\/wp\/v2\/posts\/7719\/revisions"}],"predecessor-version":[{"id":7777,"href":"https:\/\/sp22.pl\/nowa\/index.php\/wp-json\/wp\/v2\/posts\/7719\/revisions\/7777"}],"wp:featuredmedia":[{"embeddable":true,"href":"https:\/\/sp22.pl\/nowa\/index.php\/wp-json\/wp\/v2\/media\/7750"}],"wp:attachment":[{"href":"https:\/\/sp22.pl\/nowa\/index.php\/wp-json\/wp\/v2\/media?parent=7719"}],"wp:term":[{"taxonomy":"category","embeddable":true,"href":"https:\/\/sp22.pl\/nowa\/index.php\/wp-json\/wp\/v2\/categories?post=7719"},{"taxonomy":"post_tag","embeddable":true,"href":"https:\/\/sp22.pl\/nowa\/index.php\/wp-json\/wp\/v2\/tags?post=7719"}],"curies":[{"name":"wp","href":"https:\/\/api.w.org\/{rel}","templated":true}]}}