{"id":7628,"date":"2024-11-21T21:00:25","date_gmt":"2024-11-21T20:00:25","guid":{"rendered":"https:\/\/sp22.pl\/nowa\/?p=7628"},"modified":"2025-01-06T15:52:35","modified_gmt":"2025-01-06T14:52:35","slug":"xxxii-rajd-pttk-szlakami-legionistow-plockich","status":"publish","type":"post","link":"https:\/\/sp22.pl\/nowa\/index.php\/2024\/11\/21\/xxxii-rajd-pttk-szlakami-legionistow-plockich\/","title":{"rendered":"XXXII Rajd PTTK \u201eSzlakami Legionist\u00f3w P\u0142ockich&#8221;"},"content":{"rendered":"<p><span style=\"color: #000000;\">W sobot\u0119, 16 listopada 2024 roku, mia\u0142a miejsce kolejna szkolna inicjatywa maj\u0105ca na celu uczczenie odzyskania przez Polsk\u0119 niepodleg\u0142o\u015bci.&nbsp;&nbsp;&nbsp;&nbsp;&nbsp;<\/span><\/p>\n<p><span style=\"color: #000000;\">Uczniowie ze SKKT \u201eRajdowcy\u201d, wraz z rodzicami i nauczycielami, kolejny raz w\u0119drowali \u201eSzlakami Legionist\u00f3w P\u0142ockich\u201d podczas XXXII rajdu pieszego, kt\u00f3rego organizatorem by\u0142 Oddzia\u0142 Miejski PTTK w P\u0142ocku. Uczestnicy rajdu zgromadzili si\u0119 w okolicach naszej Szko\u0142y, sk\u0105d przeszli na miejsce startu zlokalizowane przy ko\u015bciele \u015bw. J\u00f3zefa. Nast\u0119pnie, wraz z grupami z innych szk\u00f3\u0142, udali si\u0119 na Cmentarz Garnizonowy, gdzie zapalili znicze i oddali ho\u0142d mieszka\u0144com naszego miasta pomordowanym i poleg\u0142ym w obronie Ojczyzny w 1920 r. Poznali r\u00f3wnie\u017c histori\u0119 \u017co\u0142nierskiej nekropolii i us\u0142yszeli kilka ciekawostek zwi\u0105zanych ze spoczywaj\u0105cymi tam \u017co\u0142nierzami. Zako\u0144czenie rajdu mia\u0142o miejsce w auli Liceum Og\u00f3lnokszta\u0142c\u0105cego im. W\u0142. Jagie\u0142\u0142y, gdzie odby\u0142 si\u0119 \u201eKonkurs Piosenki i Pie\u015bni Legionowej\u201d, kt\u00f3ry dostarczy\u0142 wszystkim wzruszaj\u0105cych refleksji dotycz\u0105cych niepodleg\u0142o\u015bci oraz patriotyzmu. Nasza dru\u017cyna okaza\u0142a si\u0119 zgranym teamem i spisa\u0142a si\u0119 bardzo dzielnie. Pokonuj\u0105c siedmiokilometrow\u0105 tras\u0119, zaj\u0119\u0142a II&nbsp;miejsce w og\u00f3lnej klasyfikacji rajdu.<\/span><\/p>\n<p><span style=\"color: #000000;\">Za rok p\u00f3jdziemy zn\u00f3w. B\u0105d\u017acie wtedy z nami.<\/span><\/p>\n<p><em><span style=\"color: #000000;\">Oprac. Beata Szymczak<\/span><\/em><\/p>\nngg_shortcode_0_placeholder\n","protected":false},"excerpt":{"rendered":"<p>&#46;&#46;&#46;<\/p>\n","protected":false},"author":5,"featured_media":7643,"comment_status":"open","ping_status":"open","sticky":false,"template":"","format":"standard","meta":{"ngg_post_thumbnail":0,"footnotes":""},"categories":[1],"tags":[],"class_list":["post-7628","post","type-post","status-publish","format-standard","has-post-thumbnail","hentry","category-wiadomosci"],"_links":{"self":[{"href":"https:\/\/sp22.pl\/nowa\/index.php\/wp-json\/wp\/v2\/posts\/7628","targetHints":{"allow":["GET"]}}],"collection":[{"href":"https:\/\/sp22.pl\/nowa\/index.php\/wp-json\/wp\/v2\/posts"}],"about":[{"href":"https:\/\/sp22.pl\/nowa\/index.php\/wp-json\/wp\/v2\/types\/post"}],"author":[{"embeddable":true,"href":"https:\/\/sp22.pl\/nowa\/index.php\/wp-json\/wp\/v2\/users\/5"}],"replies":[{"embeddable":true,"href":"https:\/\/sp22.pl\/nowa\/index.php\/wp-json\/wp\/v2\/comments?post=7628"}],"version-history":[{"count":4,"href":"https:\/\/sp22.pl\/nowa\/index.php\/wp-json\/wp\/v2\/posts\/7628\/revisions"}],"predecessor-version":[{"id":8368,"href":"https:\/\/sp22.pl\/nowa\/index.php\/wp-json\/wp\/v2\/posts\/7628\/revisions\/8368"}],"wp:featuredmedia":[{"embeddable":true,"href":"https:\/\/sp22.pl\/nowa\/index.php\/wp-json\/wp\/v2\/media\/7643"}],"wp:attachment":[{"href":"https:\/\/sp22.pl\/nowa\/index.php\/wp-json\/wp\/v2\/media?parent=7628"}],"wp:term":[{"taxonomy":"category","embeddable":true,"href":"https:\/\/sp22.pl\/nowa\/index.php\/wp-json\/wp\/v2\/categories?post=7628"},{"taxonomy":"post_tag","embeddable":true,"href":"https:\/\/sp22.pl\/nowa\/index.php\/wp-json\/wp\/v2\/tags?post=7628"}],"curies":[{"name":"wp","href":"https:\/\/api.w.org\/{rel}","templated":true}]}}