{"id":7574,"date":"2024-11-18T16:00:44","date_gmt":"2024-11-18T15:00:44","guid":{"rendered":"https:\/\/sp22.pl\/nowa\/?p=7574"},"modified":"2024-11-18T21:20:18","modified_gmt":"2024-11-18T20:20:18","slug":"przystanek-niepodleglosc-4","status":"publish","type":"post","link":"https:\/\/sp22.pl\/nowa\/index.php\/2024\/11\/18\/przystanek-niepodleglosc-4\/","title":{"rendered":"Przystanek Niepodleg\u0142o\u015b\u0107 &#8211; Koncert Patriotyczny"},"content":{"rendered":"<p><span style=\"color: #000000;\">Dnia 7 listopada 2024 roku, w ramach akcji \u201ePrzystanek Niepodleg\u0142o\u015b\u0107\u201d, odby\u0142 si\u0119 w naszej szkole wyj\u0105tkowy koncert upami\u0119tniaj\u0105cy 106. rocznic\u0119 odzyskania przez Polsk\u0119 niepodleg\u0142o\u015bci.<\/span><\/p>\n<p><span style=\"color: #000000;\">Tegoroczne wydarzenie mia\u0142o szczeg\u00f3lny charakter, zosta\u0142o zorganizowane przy wsp\u00f3\u0142udziale Rady Rodzic\u00f3w, Rady Mieszka\u0144c\u00f3w Osiedla Podolszyce &#8211; Po\u0142udnie oraz harcerzy z harcerskiego szczepu FORTES.<\/span><\/p>\n<p><span style=\"color: #000000;\">Licznie zgromadzon\u0105 publiczno\u015b\u0107, w\u015br\u00f3d kt\u00f3rej znale\u017ali si\u0119 rodzice i dziadkowie naszych uczni\u00f3w, okoliczni mieszka\u0144cy oraz&nbsp;przedstawiciele p\u0142ockich instytucji, powita\u0142a Dyrektor szko\u0142y, Marlena B\u0142achowicz.<\/span><\/p>\n<p><span style=\"color: #000000;\">Nast\u0119pnie czas wszystkim zgromadzonym wype\u0142ni\u0142y znane pie\u015bni patriotyczne z r\u00f3\u017cnych okres\u00f3w historii naszego kraju przeplatane gaw\u0119d\u0105 po\u015bwi\u0119con\u0105 okoliczno\u015bciom ich powstania.<\/span><\/p>\n<p><span style=\"color: #000000;\">W\u015br\u00f3d wykonawc\u00f3w koncertu mieli\u015bmy okazj\u0119 pos\u0142ucha\u0107 szkolnego ch\u00f3ru TU TU i towarzysz\u0105cego mu zespo\u0142u TU TU BAND oraz solist\u00f3w: Zosi Chyli\u0144skiej, Zosi Zieli\u0144skiej, Nadii Zimny oraz nauczycieli: pani Eweliny Dzi\u0119gielewskiej, pana \u0141ukasza Grockiego i by\u0142ego Dyrektora szko\u0142y, pana Janusza Banasiaka. <\/span><br \/>\n<span style=\"color: #000000;\">Na scenie wyst\u0105pili r\u00f3wnie\u017c utalentowani muzycznie uczniowie klas pierwszych pod kierunkiem pa\u0144: Marty Szumskiej i Katarzyny Grockiej oraz uczniowie klasy 3a pod opiek\u0105 pani Agnieszki Jaroszewskiej i Justyny Kamelskiej \u2013 Brzeszcz, a tak\u017ce harcerze z dru\u017cyn dzia\u0142aj\u0105cych przy naszej szkole.<\/span><\/p>\n<p><span style=\"color: #000000;\">Za opraw\u0119 muzyczn\u0105 koncertu odpowiedzialny by\u0142 pan \u0141ukasz Grocki. Scenariusz przygotowa\u0142y panie: Beata Szymczak i Justyna Wawrzy\u0144ska, kt\u00f3re w towarzystwie ucznia klasy 8b, Adama Wochnowicza, by\u0142y r\u00f3wnie\u017c g\u0142\u00f3wnymi prowadz\u0105cymi uroczysto\u015b\u0107.<br \/>\n<\/span><span style=\"color: #000000;\">W roli konferansjer\u00f3w wyst\u0105pili tak\u017ce: Wicedyrektorki szko\u0142y: pani Agnieszka Gawli\u0144ska i pani Monika Przemy\u0142ska, Przewodnicz\u0105cy Rady Rodzic\u00f3w, pan Przemys\u0142aw Zieli\u0144ski oraz Przewodnicz\u0105ca Rady Osiedla Podolszyce \u2013 Po\u0142udnie, pani Marta Stempnowska. Patriotycznego klimatu doda\u0142a tematyczna dekoracja autorstwa pani Ma\u0142gorzaty Brudnickiej.<\/span><\/p>\n<p><span style=\"color: #000000;\">Cieszymy si\u0119, \u017ce Narodowe \u015awi\u0119to Niepodleg\u0142o\u015bci sta\u0142o si\u0119 okazj\u0105 do zintegrowania lokalnego \u015brodowiska p\u0142occzan. Mamy nadziej\u0119, \u017ce&nbsp;to wsp\u00f3lne patriotyczne \u015bpiewanie i \u015bwi\u0119towanie dostarczy\u0142o wszystkim wielu wzrusze\u0144 i zapadnie na d\u0142ugo w pami\u0119ci, a nasza szko\u0142a b\u0119dzie kojarzy\u0107 si\u0119 jako miejsce, gdzie dziej\u0105 si\u0119 rzeczy pi\u0119kne i wznios\u0142e, w kt\u00f3rego murach wszystkich wita si\u0119 serdecznie.<\/span><\/p>\n<p><span style=\"color: #000000;\">Dzi\u0119kujemy za obecno\u015b\u0107.<\/span><\/p>\n<p><em><span style=\"color: #000000;\">Koordynator koncertu: \u0141ukasz Grocki<\/span><\/em><br \/>\n<em><span style=\"color: #000000;\">Opracowanie: Beata Szymczak<\/span><\/em><\/p>\nngg_shortcode_0_placeholder\n","protected":false},"excerpt":{"rendered":"<p>&#46;&#46;&#46;<\/p>\n","protected":false},"author":4,"featured_media":7575,"comment_status":"open","ping_status":"open","sticky":false,"template":"","format":"standard","meta":{"ngg_post_thumbnail":0,"footnotes":""},"categories":[1],"tags":[],"class_list":["post-7574","post","type-post","status-publish","format-standard","has-post-thumbnail","hentry","category-wiadomosci"],"_links":{"self":[{"href":"https:\/\/sp22.pl\/nowa\/index.php\/wp-json\/wp\/v2\/posts\/7574","targetHints":{"allow":["GET"]}}],"collection":[{"href":"https:\/\/sp22.pl\/nowa\/index.php\/wp-json\/wp\/v2\/posts"}],"about":[{"href":"https:\/\/sp22.pl\/nowa\/index.php\/wp-json\/wp\/v2\/types\/post"}],"author":[{"embeddable":true,"href":"https:\/\/sp22.pl\/nowa\/index.php\/wp-json\/wp\/v2\/users\/4"}],"replies":[{"embeddable":true,"href":"https:\/\/sp22.pl\/nowa\/index.php\/wp-json\/wp\/v2\/comments?post=7574"}],"version-history":[{"count":16,"href":"https:\/\/sp22.pl\/nowa\/index.php\/wp-json\/wp\/v2\/posts\/7574\/revisions"}],"predecessor-version":[{"id":7592,"href":"https:\/\/sp22.pl\/nowa\/index.php\/wp-json\/wp\/v2\/posts\/7574\/revisions\/7592"}],"wp:featuredmedia":[{"embeddable":true,"href":"https:\/\/sp22.pl\/nowa\/index.php\/wp-json\/wp\/v2\/media\/7575"}],"wp:attachment":[{"href":"https:\/\/sp22.pl\/nowa\/index.php\/wp-json\/wp\/v2\/media?parent=7574"}],"wp:term":[{"taxonomy":"category","embeddable":true,"href":"https:\/\/sp22.pl\/nowa\/index.php\/wp-json\/wp\/v2\/categories?post=7574"},{"taxonomy":"post_tag","embeddable":true,"href":"https:\/\/sp22.pl\/nowa\/index.php\/wp-json\/wp\/v2\/tags?post=7574"}],"curies":[{"name":"wp","href":"https:\/\/api.w.org\/{rel}","templated":true}]}}