{"id":7549,"date":"2024-11-17T09:50:39","date_gmt":"2024-11-17T08:50:39","guid":{"rendered":"https:\/\/sp22.pl\/nowa\/?p=7549"},"modified":"2024-11-18T19:32:21","modified_gmt":"2024-11-18T18:32:21","slug":"szkolny-dzien-profilaktyki","status":"publish","type":"post","link":"https:\/\/sp22.pl\/nowa\/index.php\/2024\/11\/17\/szkolny-dzien-profilaktyki\/","title":{"rendered":"Szkolny Dzie\u0144 Profilaktyki"},"content":{"rendered":"<p><span style=\"color: #000000;\">24 pa\u017adziernika odby\u0142 si\u0119 w naszej plac\u00f3wce Szkolny Dzie\u0144 Profilaktyki, kt\u00f3rego celem by\u0142o zwr\u00f3cenie uwagi uczni\u00f3w klas I-III na&nbsp;niebezpiecze\u0144stwa zwi\u0105zane z za\u017cywaniem nikotyny, alkoholu czy narkotyk\u00f3w.<br \/>\n<\/span><br \/>\n<span style=\"color: #000000;\">Przedsi\u0119wzi\u0119cie obejmowa\u0142o szeroko rozumian\u0105 profilaktyk\u0119 realizowan\u0105 poprzez promowanie alternatywnych form sp\u0119dzania wolnego czasu, propagowanie postawy trze\u017awo\u015bci, rozwijanie w\u0142asnych pasji oraz akcentowanie wi\u0119zi rodzinnych niezb\u0119dnych do prawid\u0142owego funkcjonowania dzieci i m\u0142odzie\u017cy.<br \/>\n<\/span><br \/>\n<span style=\"color: #000000;\">W ramach tego projektu wychowawczego uczniowie przyst\u0105pili do konkursu plastycznego \u201e\u017bYJ ZDROWO, Z CA\u0141YCH SI\u0141\u201d, uczestniczyli&nbsp;w zabawach i grach integruj\u0105cych zespo\u0142y klasowe oraz ucz\u0105cych wsp\u00f3\u0142dzia\u0142ania, realizowali zaj\u0119cia kulinarne promuj\u0105ce zdrowe nawyki \u017cywieniowe.<br \/>\n<\/span><br \/>\n<em><span style=\"color: #000000;\">Oprac. Agnieszka Szypszak<\/span><\/em><\/p>\nngg_shortcode_0_placeholder\n<p>&nbsp;<\/p>\n","protected":false},"excerpt":{"rendered":"<p>&#46;&#46;&#46;<\/p>\n","protected":false},"author":4,"featured_media":7550,"comment_status":"open","ping_status":"open","sticky":false,"template":"","format":"standard","meta":{"ngg_post_thumbnail":0,"footnotes":""},"categories":[1],"tags":[],"class_list":["post-7549","post","type-post","status-publish","format-standard","has-post-thumbnail","hentry","category-wiadomosci"],"_links":{"self":[{"href":"https:\/\/sp22.pl\/nowa\/index.php\/wp-json\/wp\/v2\/posts\/7549","targetHints":{"allow":["GET"]}}],"collection":[{"href":"https:\/\/sp22.pl\/nowa\/index.php\/wp-json\/wp\/v2\/posts"}],"about":[{"href":"https:\/\/sp22.pl\/nowa\/index.php\/wp-json\/wp\/v2\/types\/post"}],"author":[{"embeddable":true,"href":"https:\/\/sp22.pl\/nowa\/index.php\/wp-json\/wp\/v2\/users\/4"}],"replies":[{"embeddable":true,"href":"https:\/\/sp22.pl\/nowa\/index.php\/wp-json\/wp\/v2\/comments?post=7549"}],"version-history":[{"count":9,"href":"https:\/\/sp22.pl\/nowa\/index.php\/wp-json\/wp\/v2\/posts\/7549\/revisions"}],"predecessor-version":[{"id":7559,"href":"https:\/\/sp22.pl\/nowa\/index.php\/wp-json\/wp\/v2\/posts\/7549\/revisions\/7559"}],"wp:featuredmedia":[{"embeddable":true,"href":"https:\/\/sp22.pl\/nowa\/index.php\/wp-json\/wp\/v2\/media\/7550"}],"wp:attachment":[{"href":"https:\/\/sp22.pl\/nowa\/index.php\/wp-json\/wp\/v2\/media?parent=7549"}],"wp:term":[{"taxonomy":"category","embeddable":true,"href":"https:\/\/sp22.pl\/nowa\/index.php\/wp-json\/wp\/v2\/categories?post=7549"},{"taxonomy":"post_tag","embeddable":true,"href":"https:\/\/sp22.pl\/nowa\/index.php\/wp-json\/wp\/v2\/tags?post=7549"}],"curies":[{"name":"wp","href":"https:\/\/api.w.org\/{rel}","templated":true}]}}