{"id":7520,"date":"2024-11-17T09:52:40","date_gmt":"2024-11-17T08:52:40","guid":{"rendered":"https:\/\/sp22.pl\/nowa\/?p=7520"},"modified":"2024-11-18T19:48:18","modified_gmt":"2024-11-18T18:48:18","slug":"szkola-pamieta-2","status":"publish","type":"post","link":"https:\/\/sp22.pl\/nowa\/index.php\/2024\/11\/17\/szkola-pamieta-2\/","title":{"rendered":"Szko\u0142a pami\u0119ta"},"content":{"rendered":"<p><img loading=\"lazy\" decoding=\"async\" class=\"wp-image-7529 aligncenter\" src=\"https:\/\/sp22.pl\/nowa\/wp-content\/uploads\/2024\/11\/obrazek-wyrozniajacy-e1731954961417.jpg\" alt=\"Logo akcji &quot;Szko\u0142a Pami\u0119ta&quot; z napisem w j\u0119zyku polskim, przedstawiaj\u0105ce symbol p\u0142omienia w kolorze czerwonym oraz czarny, pogrubiony napis &quot;pami\u0119ta&quot;.\" width=\"396\" height=\"110\" srcset=\"https:\/\/sp22.pl\/nowa\/wp-content\/uploads\/2024\/11\/obrazek-wyrozniajacy-e1731954961417.jpg 489w, https:\/\/sp22.pl\/nowa\/wp-content\/uploads\/2024\/11\/obrazek-wyrozniajacy-e1731954961417-300x83.jpg 300w\" sizes=\"auto, (max-width: 396px) 100vw, 396px\" \/><\/p>\n<p><span style=\"color: #000000;\">Dnia 30 pa\u017adziernika 2024 roku klasy IV f i&nbsp; VI a w\u0142\u0105czy\u0142y si\u0119 w akcj\u0119 Ministerstwa Edukacji Narodowej \u201e Szko\u0142a pami\u0119ta\u201d.<br \/>\nCelem akcji by\u0142o uwra\u017cliwienie uczni\u00f3w na potrzeb\u0119 piel\u0119gnowania pami\u0119ci o bohaterach. <\/span><\/p>\n<p><span style=\"color: #000000;\">Pami\u0119tali\u015bmy r\u00f3wnie\u017c o miejscu spoczynku \u017co\u0142nierzy walcz\u0105cych o wolno\u015b\u0107 naszej Ojczyzny.<\/span><\/p>\n<p><span style=\"color: #000000;\">Dzie\u0144 ten by\u0142 nie tylko spotkaniem z histori\u0105, ale tak\u017ce nauk\u0105 szacunku dla tych, kt\u00f3rzy oddali \u017cycie za nasz\u0105 wolno\u015b\u0107.<\/span><\/p>\n<p><em><span style=\"color: #000000;\">Oprac. Emilia Wrzeszczy\u0144ska<\/span><\/em><\/p>\nngg_shortcode_0_placeholder\n","protected":false},"excerpt":{"rendered":"<p>&#46;&#46;&#46;<\/p>\n","protected":false},"author":5,"featured_media":7531,"comment_status":"open","ping_status":"open","sticky":false,"template":"","format":"standard","meta":{"ngg_post_thumbnail":0,"footnotes":""},"categories":[1],"tags":[],"class_list":["post-7520","post","type-post","status-publish","format-standard","has-post-thumbnail","hentry","category-wiadomosci"],"_links":{"self":[{"href":"https:\/\/sp22.pl\/nowa\/index.php\/wp-json\/wp\/v2\/posts\/7520","targetHints":{"allow":["GET"]}}],"collection":[{"href":"https:\/\/sp22.pl\/nowa\/index.php\/wp-json\/wp\/v2\/posts"}],"about":[{"href":"https:\/\/sp22.pl\/nowa\/index.php\/wp-json\/wp\/v2\/types\/post"}],"author":[{"embeddable":true,"href":"https:\/\/sp22.pl\/nowa\/index.php\/wp-json\/wp\/v2\/users\/5"}],"replies":[{"embeddable":true,"href":"https:\/\/sp22.pl\/nowa\/index.php\/wp-json\/wp\/v2\/comments?post=7520"}],"version-history":[{"count":9,"href":"https:\/\/sp22.pl\/nowa\/index.php\/wp-json\/wp\/v2\/posts\/7520\/revisions"}],"predecessor-version":[{"id":7562,"href":"https:\/\/sp22.pl\/nowa\/index.php\/wp-json\/wp\/v2\/posts\/7520\/revisions\/7562"}],"wp:featuredmedia":[{"embeddable":true,"href":"https:\/\/sp22.pl\/nowa\/index.php\/wp-json\/wp\/v2\/media\/7531"}],"wp:attachment":[{"href":"https:\/\/sp22.pl\/nowa\/index.php\/wp-json\/wp\/v2\/media?parent=7520"}],"wp:term":[{"taxonomy":"category","embeddable":true,"href":"https:\/\/sp22.pl\/nowa\/index.php\/wp-json\/wp\/v2\/categories?post=7520"},{"taxonomy":"post_tag","embeddable":true,"href":"https:\/\/sp22.pl\/nowa\/index.php\/wp-json\/wp\/v2\/tags?post=7520"}],"curies":[{"name":"wp","href":"https:\/\/api.w.org\/{rel}","templated":true}]}}