{"id":7476,"date":"2024-11-17T09:15:54","date_gmt":"2024-11-17T08:15:54","guid":{"rendered":"https:\/\/sp22.pl\/nowa\/?p=7476"},"modified":"2024-11-17T17:58:52","modified_gmt":"2024-11-17T16:58:52","slug":"vi-edycja-konkursu-instalogik","status":"publish","type":"post","link":"https:\/\/sp22.pl\/nowa\/index.php\/2024\/11\/17\/vi-edycja-konkursu-instalogik\/","title":{"rendered":"VI edycja konkursu InstaLogik"},"content":{"rendered":"<p style=\"text-align: left;\"><img loading=\"lazy\" decoding=\"async\" class=\"wp-image-7477 aligncenter\" src=\"https:\/\/sp22.pl\/nowa\/wp-content\/uploads\/2024\/11\/konkurs_instaLogik_2024_2025.png\" alt=\"Konkurs Instalogik \u2013 wyniki pierwszego etapu VI edycja konkursu matematyczno-informatycznego na niebieskim tle. Na dole baneru znajduj\u0105 si\u0119 loga organizator\u00f3w oraz patron\u00f3w konkursu.\" width=\"614\" height=\"282\" srcset=\"https:\/\/sp22.pl\/nowa\/wp-content\/uploads\/2024\/11\/konkurs_instaLogik_2024_2025.png 980w, https:\/\/sp22.pl\/nowa\/wp-content\/uploads\/2024\/11\/konkurs_instaLogik_2024_2025-300x138.png 300w, https:\/\/sp22.pl\/nowa\/wp-content\/uploads\/2024\/11\/konkurs_instaLogik_2024_2025-768x353.png 768w\" sizes=\"auto, (max-width: 614px) 100vw, 614px\" \/><\/p>\n<p><span style=\"color: #000000;\">W tym roku szkolnym ch\u0119tni uczniowie naszej plac\u00f3wki po raz kolejny przyst\u0105pili do trzyetapowego og\u00f3lnopolskiego Konkursu Matematyczno-Informatycznego InstaLogik.<\/span><\/p>\n<p><span style=\"color: #000000;\">Rejestracja uczni\u00f3w rozpocz\u0119\u0142a si\u0119 ju\u017c we wrze\u015bniu, a pierwszy etap konkursu odbywa\u0142 si\u0119 przez ca\u0142y pa\u017adziernik.&nbsp;<br \/>\nPolega\u0142 on na rozwi\u0105zaniu on-line pyta\u0144 testowych do kilku zada\u0144 matematyczno-logicznych opisanych w formie historyjki.<\/span><\/p>\n<p><span style=\"color: #000000;\">W pierwszym etapie VI edycji konkursu InstaLogik wzi\u0119\u0142o udzia\u0142 18176 uczni\u00f3w z 2282 szk\u00f3\u0142 z ca\u0142ej Polski! Uczniowie, kt\u00f3rzy osi\u0105gn\u0119li bardzo dobre wyniki, w tym 14 uczni\u00f3w z naszej szko\u0142y, zostali zaproszeni do kolejnego etapu.<\/span><\/p>\n<p><span style=\"color: #000000;\">Do 2. etapu zakwalifikowali si\u0119:<br \/>\n<\/span><br \/>\n<span style=\"color: #000000;\">Tymon Giszczak kl. 4a<\/span><br \/>\n<span style=\"color: #000000;\">Wiktor Giszczak kl. 4a<\/span><br \/>\n<span style=\"color: #000000;\">Julian Kluska kl. 4c<\/span><br \/>\n<span style=\"color: #000000;\">Micha\u0142 Lewandowski kl. 4c<\/span><br \/>\n<span style=\"color: #000000;\">Adrian Przedpe\u0142ski kl. 4c<\/span><br \/>\n<span style=\"color: #000000;\">Mateusz Duszczyk kl. 4e<\/span><br \/>\n<span style=\"color: #000000;\">Hubert Le\u015bniewski kl. 4e<\/span><br \/>\n<span style=\"color: #000000;\">Marcel Mielcarek kl. 4e<\/span><br \/>\n<span style=\"color: #000000;\">Ludwik Guzanek kl. 5a<\/span><br \/>\n<span style=\"color: #000000;\">Alicja Przedpe\u0142ska kl. 5b<\/span><br \/>\n<span style=\"color: #000000;\">Dominik Michalak kl. 6c<\/span><br \/>\n<span style=\"color: #000000;\">Jakub G\u0105siorowski kl. 6f<\/span><br \/>\n<span style=\"color: #000000;\">Marcel Rosiak kl. 7f<\/span><br \/>\n<span style=\"color: #000000;\">Alicja J\u00f3\u017awiak kl. 8c<\/span><\/p>\n<p><span style=\"color: #000000;\">Serdecznie gratulujemy wszystkim uczestnikom odwagi, a osobom zakwalifikowanym do 2. etapu \u2013 dalszych sukces\u00f3w!<\/span><\/p>\n<p><em><span style=\"color: #000000;\">Oprac. Beata Michalak<\/span><\/em><\/p>\n","protected":false},"excerpt":{"rendered":"<p>&#46;&#46;&#46;<\/p>\n","protected":false},"author":4,"featured_media":7477,"comment_status":"open","ping_status":"open","sticky":false,"template":"","format":"standard","meta":{"ngg_post_thumbnail":0,"footnotes":""},"categories":[1],"tags":[],"class_list":["post-7476","post","type-post","status-publish","format-standard","has-post-thumbnail","hentry","category-wiadomosci"],"_links":{"self":[{"href":"https:\/\/sp22.pl\/nowa\/index.php\/wp-json\/wp\/v2\/posts\/7476","targetHints":{"allow":["GET"]}}],"collection":[{"href":"https:\/\/sp22.pl\/nowa\/index.php\/wp-json\/wp\/v2\/posts"}],"about":[{"href":"https:\/\/sp22.pl\/nowa\/index.php\/wp-json\/wp\/v2\/types\/post"}],"author":[{"embeddable":true,"href":"https:\/\/sp22.pl\/nowa\/index.php\/wp-json\/wp\/v2\/users\/4"}],"replies":[{"embeddable":true,"href":"https:\/\/sp22.pl\/nowa\/index.php\/wp-json\/wp\/v2\/comments?post=7476"}],"version-history":[{"count":5,"href":"https:\/\/sp22.pl\/nowa\/index.php\/wp-json\/wp\/v2\/posts\/7476\/revisions"}],"predecessor-version":[{"id":7482,"href":"https:\/\/sp22.pl\/nowa\/index.php\/wp-json\/wp\/v2\/posts\/7476\/revisions\/7482"}],"wp:featuredmedia":[{"embeddable":true,"href":"https:\/\/sp22.pl\/nowa\/index.php\/wp-json\/wp\/v2\/media\/7477"}],"wp:attachment":[{"href":"https:\/\/sp22.pl\/nowa\/index.php\/wp-json\/wp\/v2\/media?parent=7476"}],"wp:term":[{"taxonomy":"category","embeddable":true,"href":"https:\/\/sp22.pl\/nowa\/index.php\/wp-json\/wp\/v2\/categories?post=7476"},{"taxonomy":"post_tag","embeddable":true,"href":"https:\/\/sp22.pl\/nowa\/index.php\/wp-json\/wp\/v2\/tags?post=7476"}],"curies":[{"name":"wp","href":"https:\/\/api.w.org\/{rel}","templated":true}]}}