{"id":7455,"date":"2024-11-17T09:00:31","date_gmt":"2024-11-17T08:00:31","guid":{"rendered":"https:\/\/sp22.pl\/nowa\/?p=7455"},"modified":"2024-11-17T16:11:21","modified_gmt":"2024-11-17T15:11:21","slug":"dzien-postaci-z-bajek","status":"publish","type":"post","link":"https:\/\/sp22.pl\/nowa\/index.php\/2024\/11\/17\/dzien-postaci-z-bajek\/","title":{"rendered":"Dzie\u0144 Postaci z Bajek"},"content":{"rendered":"<p><span style=\"color: #000000;\">5 listopada by\u0142 Dniem Postaci z Bajek. To wyj\u0105tkowe wydarzenie zabra\u0142o nas do magicznego \u015bwiata ulubionych bohater\u00f3w!<\/span><\/p>\n<p><span style=\"color: #000000;\">W tym dniu szkolne korytarze zamieni\u0142y si\u0119 w prawdziw\u0105 krain\u0119 ba\u015bni, pe\u0142n\u0105 kolorowych kostium\u00f3w i radosnych u\u015bmiech\u00f3w. Uczniowie&nbsp;i nauczyciele mieli okazj\u0119 przebra\u0107 si\u0119 za swoje ukochane postacie z bajek.<\/span><\/p>\n<p><span style=\"color: #000000;\">Wsp\u00f3lnie o\u017cywili\u015bmy \u015bwiat wyobra\u017ani i pokazali\u015bmy, jak wiele magii jest w ka\u017cdym z nas!<\/span><\/p>\n<p><span style=\"color: #000000;\">Dzieci z klas 1-3 otrzyma\u0142y pami\u0105tkowe, kolorowe dyplomy, a &#8222;starszaki&#8221; uzyska\u0142y dodatkowe punkty dla swoich klas w konkursie &#8222;Przyjazna klasa&#8221;, kt\u00f3rego organizatorem oraz pomys\u0142odawc\u0105 jest Samorz\u0105d Uczniowski.<\/span><\/p>\n<p><span style=\"color: #000000;\"><em>Oprac. Celina Krysi\u0144ska<\/em><\/span><\/p>\nngg_shortcode_0_placeholder\n","protected":false},"excerpt":{"rendered":"<p>&#46;&#46;&#46;<\/p>\n","protected":false},"author":4,"featured_media":7456,"comment_status":"open","ping_status":"open","sticky":false,"template":"","format":"standard","meta":{"ngg_post_thumbnail":0,"footnotes":""},"categories":[1],"tags":[],"class_list":["post-7455","post","type-post","status-publish","format-standard","has-post-thumbnail","hentry","category-wiadomosci"],"_links":{"self":[{"href":"https:\/\/sp22.pl\/nowa\/index.php\/wp-json\/wp\/v2\/posts\/7455","targetHints":{"allow":["GET"]}}],"collection":[{"href":"https:\/\/sp22.pl\/nowa\/index.php\/wp-json\/wp\/v2\/posts"}],"about":[{"href":"https:\/\/sp22.pl\/nowa\/index.php\/wp-json\/wp\/v2\/types\/post"}],"author":[{"embeddable":true,"href":"https:\/\/sp22.pl\/nowa\/index.php\/wp-json\/wp\/v2\/users\/4"}],"replies":[{"embeddable":true,"href":"https:\/\/sp22.pl\/nowa\/index.php\/wp-json\/wp\/v2\/comments?post=7455"}],"version-history":[{"count":4,"href":"https:\/\/sp22.pl\/nowa\/index.php\/wp-json\/wp\/v2\/posts\/7455\/revisions"}],"predecessor-version":[{"id":7460,"href":"https:\/\/sp22.pl\/nowa\/index.php\/wp-json\/wp\/v2\/posts\/7455\/revisions\/7460"}],"wp:featuredmedia":[{"embeddable":true,"href":"https:\/\/sp22.pl\/nowa\/index.php\/wp-json\/wp\/v2\/media\/7456"}],"wp:attachment":[{"href":"https:\/\/sp22.pl\/nowa\/index.php\/wp-json\/wp\/v2\/media?parent=7455"}],"wp:term":[{"taxonomy":"category","embeddable":true,"href":"https:\/\/sp22.pl\/nowa\/index.php\/wp-json\/wp\/v2\/categories?post=7455"},{"taxonomy":"post_tag","embeddable":true,"href":"https:\/\/sp22.pl\/nowa\/index.php\/wp-json\/wp\/v2\/tags?post=7455"}],"curies":[{"name":"wp","href":"https:\/\/api.w.org\/{rel}","templated":true}]}}