{"id":7399,"date":"2024-11-18T17:00:59","date_gmt":"2024-11-18T16:00:59","guid":{"rendered":"https:\/\/sp22.pl\/nowa\/?p=7399"},"modified":"2024-11-18T21:08:59","modified_gmt":"2024-11-18T20:08:59","slug":"11-listopada","status":"publish","type":"post","link":"https:\/\/sp22.pl\/nowa\/index.php\/2024\/11\/18\/11-listopada\/","title":{"rendered":"Uroczysty apel z okazji Dnia Niepodleg\u0142o\u015bci"},"content":{"rendered":"<p><span style=\"color: #000000;\">W naszej szkole, w dniu 8 listopada, odby\u0142 si\u0119 uroczysty apel z okazji 106. rocznicy odzyskania przez Polsk\u0119 niepodleg\u0142o\u015bci. To wa\u017cne wydarzenie w historii naszego kraju by\u0142o wyj\u0105tkow\u0105 okazj\u0105 do wsp\u00f3lnego uczczenia pami\u0119ci tych, kt\u00f3rzy walczyli o wolno\u015b\u0107 Ojczyzny.<\/span><\/p>\n<p><span style=\"color: #000000;\">Apel rozpocz\u0105\u0142 si\u0119 od od\u015bpiewania hymnu narodowego. Wszyscy uczniowie, nauczyciele oraz pracownicy szko\u0142y wzi\u0119li udzia\u0142 w tym symbolicznym momencie, oddaj\u0105c ho\u0142d bohaterom, kt\u00f3rzy po 123 latach zabor\u00f3w przyczynili si\u0119 do odzyskania niepodleg\u0142o\u015bci przez&nbsp;Polsk\u0119.<\/span><\/p>\n<p><span style=\"color: #000000;\">Podczas apelu uczniowie zaprezentowali wzruszaj\u0105cy program artystyczny. Wiersze i pie\u015bni patriotyczne przypomina\u0142y o trudnej drodze Polak\u00f3w do wolno\u015bci oraz o ich niez\u0142omnej woli walki. Wyst\u0119p zosta\u0142 przygotowany z du\u017cym zaanga\u017cowaniem przez uczni\u00f3w pod&nbsp;kierunkiem nauczycieli.<\/span><\/p>\n<p><span style=\"color: #000000;\">W trakcie uroczysto\u015bci nie zabrak\u0142o r\u00f3wnie\u017c kr\u00f3tkiej lekcji historii, w kt\u00f3rej przypomniano najwa\u017cniejsze wydarzenia zwi\u0105zane z&nbsp;odzyskaniem niepodleg\u0142o\u015bci w 1918 roku. Dzi\u0119ki temu uczniowie mogli lepiej zrozumie\u0107, jak wielk\u0105 warto\u015bci\u0105 jest wolno\u015b\u0107 i dlaczego warto o ni\u0105 dba\u0107 na co dzie\u0144.<\/span><\/p>\n<p><span style=\"color: #000000;\">Na zako\u0144czenie apelu Pani Dyrektor Marlena B\u0142achowicz podzi\u0119kowa\u0142a wszystkim za udzia\u0142 w uroczysto\u015bci, podkre\u015blaj\u0105c, jak wa\u017cne jest&nbsp;kultywowanie pami\u0119ci o polskich bohaterach oraz dbanie o warto\u015bci patriotyczne w m\u0142odym pokoleniu.<\/span><\/p>\n<p><span style=\"color: #000000;\">Tego dnia w naszej szkole dominowa\u0142y bia\u0142o-czerwone barwy, a patriotyczna atmosfera by\u0142a wyczuwalna w ka\u017cdym zak\u0105tku budynku. Uczniowie oraz nauczyciele mieli przypi\u0119te kotyliony, a wielu z nich przysz\u0142o w od\u015bwi\u0119tnych strojach, co dodatkowo podkre\u015bla\u0142o wag\u0119 tego szczeg\u00f3lnego dnia.&nbsp;<\/span><\/p>\n<p><span style=\"color: #000000;\">W trakcie miejskich uroczysto\u015bci z okazji Narodowego \u015awi\u0119ta Niepodleg\u0142o\u015bci, przedstawiciele uczni\u00f3w oraz nauczycieli naszej szko\u0142y, w&nbsp;ho\u0142dzie Bohaterom Ojczyzny, z\u0142o\u017cyli kwiaty na p\u0142ycie Nieznanego \u017bo\u0142nierza.<\/span><\/p>\n<p><span style=\"color: #000000;\">Dzi\u0119kujemy wszystkim, kt\u00f3rzy przyczynili si\u0119 do przygotowania tej wyj\u0105tkowej uroczysto\u015bci. To dzi\u0119ki Waszemu zaanga\u017cowaniu uczniowie mogli wsp\u00f3lnie uczci\u0107 to wa\u017cne \u015bwi\u0119to narodowe i na nowo u\u015bwiadomi\u0107 sobie, jak cennym darem jest wolna Polska.<\/span><\/p>\n<p><span style=\"color: #000000;\"><em>Oprac. And\u017celika Kaniewska-\u0141uciakiewicz <\/em><\/span><\/p>\nngg_shortcode_0_placeholder\n","protected":false},"excerpt":{"rendered":"<p>&#46;&#46;&#46;<\/p>\n","protected":false},"author":5,"featured_media":7447,"comment_status":"open","ping_status":"open","sticky":false,"template":"","format":"standard","meta":{"ngg_post_thumbnail":0,"footnotes":""},"categories":[1],"tags":[],"class_list":["post-7399","post","type-post","status-publish","format-standard","has-post-thumbnail","hentry","category-wiadomosci"],"_links":{"self":[{"href":"https:\/\/sp22.pl\/nowa\/index.php\/wp-json\/wp\/v2\/posts\/7399","targetHints":{"allow":["GET"]}}],"collection":[{"href":"https:\/\/sp22.pl\/nowa\/index.php\/wp-json\/wp\/v2\/posts"}],"about":[{"href":"https:\/\/sp22.pl\/nowa\/index.php\/wp-json\/wp\/v2\/types\/post"}],"author":[{"embeddable":true,"href":"https:\/\/sp22.pl\/nowa\/index.php\/wp-json\/wp\/v2\/users\/5"}],"replies":[{"embeddable":true,"href":"https:\/\/sp22.pl\/nowa\/index.php\/wp-json\/wp\/v2\/comments?post=7399"}],"version-history":[{"count":15,"href":"https:\/\/sp22.pl\/nowa\/index.php\/wp-json\/wp\/v2\/posts\/7399\/revisions"}],"predecessor-version":[{"id":7445,"href":"https:\/\/sp22.pl\/nowa\/index.php\/wp-json\/wp\/v2\/posts\/7399\/revisions\/7445"}],"wp:featuredmedia":[{"embeddable":true,"href":"https:\/\/sp22.pl\/nowa\/index.php\/wp-json\/wp\/v2\/media\/7447"}],"wp:attachment":[{"href":"https:\/\/sp22.pl\/nowa\/index.php\/wp-json\/wp\/v2\/media?parent=7399"}],"wp:term":[{"taxonomy":"category","embeddable":true,"href":"https:\/\/sp22.pl\/nowa\/index.php\/wp-json\/wp\/v2\/categories?post=7399"},{"taxonomy":"post_tag","embeddable":true,"href":"https:\/\/sp22.pl\/nowa\/index.php\/wp-json\/wp\/v2\/tags?post=7399"}],"curies":[{"name":"wp","href":"https:\/\/api.w.org\/{rel}","templated":true}]}}