{"id":7223,"date":"2024-11-11T18:05:28","date_gmt":"2024-11-11T17:05:28","guid":{"rendered":"https:\/\/sp22.pl\/nowa\/?p=7223"},"modified":"2024-11-11T19:28:28","modified_gmt":"2024-11-11T18:28:28","slug":"europejski-dzien-jezykow","status":"publish","type":"post","link":"https:\/\/sp22.pl\/nowa\/index.php\/2024\/11\/11\/europejski-dzien-jezykow\/","title":{"rendered":"Europejski Dzie\u0144 J\u0119zyk\u00f3w"},"content":{"rendered":"<p><span style=\"font-family: 'Arial', sans-serif; color: #000000;\">Jesieni\u0105 w 46 krajach Europy obchodzony jest Europejski Dzie\u0144 J\u0119zyk\u00f3w. \u015awi\u0119to ustanowi\u0142a w 2001 roku Rada Europy, a jego celem jest propagowanie idei nauki j\u0119zyk\u00f3w obcych.<\/span><\/p>\n<p><span style=\"font-family: 'Arial', sans-serif; color: #000000;\">W naszej szkole uczniowie wzi\u0119li z tej okazji udzia\u0142 w lekcjach tematycznych i quizie na temat j\u0119zyk\u00f3w obcych, dowiedzieli si\u0119 m.in.: ile jest j\u0119zyk\u00f3w na \u015bwiecie, co to s\u0105 j\u0119zyki sztuczne i co nietypowego jest w zdaniu &#8222;Koby\u0142a ma ma\u0142y bok&#8221; (sprawd\u017a, jak to zdanie brzmi czytane od&nbsp;ty\u0142u;).&nbsp;<\/span><\/p>\n<p><span style=\"font-family: 'Arial', sans-serif; color: #000000;\">Ch\u0119tni uczniowie wzi\u0119li udzia\u0142 w konkursie &#8222;Zamie\u0144 s\u0142owo w obraz&#8221;. Prace graficzne przedstawia\u0142y znaczenie wyrazu w j\u0119zyku niemieckim lub&nbsp;angielskim, ukrywaj\u0105c w sobie litery tworz\u0105ce dane has\u0142o. Powsta\u0142o wiele ciekawych rysunk\u00f3w, a komisja wyr\u00f3\u017cni\u0142a jedn\u0105 prac\u0119 w j\u0119zyku niemieckim i jedn\u0105 w j\u0119zyku angielskim. Zwyci\u0119skie prace przedstawia\u0142y papug\u0119 (autork\u0105 jest Marika Szyma\u0144ska z klasy 7A) oraz pszczo\u0142\u0119 (autorka to Weronika Fiuk z klasy 8B). Zwyci\u0119\u017cczynie otrzyma\u0142y nagrody ksi\u0105\u017ckowe, a wszystkie prace ozdobi\u0142y szkoln\u0105 gazetk\u0119.<\/span><\/p>\n<p><em><span style=\"color: #000000;\">Oprac. Katarzyna Oziemblewska<\/span><\/em><\/p>\nngg_shortcode_0_placeholder\n","protected":false},"excerpt":{"rendered":"<p>&#46;&#46;&#46;<\/p>\n","protected":false},"author":4,"featured_media":7224,"comment_status":"open","ping_status":"open","sticky":false,"template":"","format":"standard","meta":{"ngg_post_thumbnail":0,"footnotes":""},"categories":[1],"tags":[],"class_list":["post-7223","post","type-post","status-publish","format-standard","has-post-thumbnail","hentry","category-wiadomosci"],"_links":{"self":[{"href":"https:\/\/sp22.pl\/nowa\/index.php\/wp-json\/wp\/v2\/posts\/7223","targetHints":{"allow":["GET"]}}],"collection":[{"href":"https:\/\/sp22.pl\/nowa\/index.php\/wp-json\/wp\/v2\/posts"}],"about":[{"href":"https:\/\/sp22.pl\/nowa\/index.php\/wp-json\/wp\/v2\/types\/post"}],"author":[{"embeddable":true,"href":"https:\/\/sp22.pl\/nowa\/index.php\/wp-json\/wp\/v2\/users\/4"}],"replies":[{"embeddable":true,"href":"https:\/\/sp22.pl\/nowa\/index.php\/wp-json\/wp\/v2\/comments?post=7223"}],"version-history":[{"count":3,"href":"https:\/\/sp22.pl\/nowa\/index.php\/wp-json\/wp\/v2\/posts\/7223\/revisions"}],"predecessor-version":[{"id":7227,"href":"https:\/\/sp22.pl\/nowa\/index.php\/wp-json\/wp\/v2\/posts\/7223\/revisions\/7227"}],"wp:featuredmedia":[{"embeddable":true,"href":"https:\/\/sp22.pl\/nowa\/index.php\/wp-json\/wp\/v2\/media\/7224"}],"wp:attachment":[{"href":"https:\/\/sp22.pl\/nowa\/index.php\/wp-json\/wp\/v2\/media?parent=7223"}],"wp:term":[{"taxonomy":"category","embeddable":true,"href":"https:\/\/sp22.pl\/nowa\/index.php\/wp-json\/wp\/v2\/categories?post=7223"},{"taxonomy":"post_tag","embeddable":true,"href":"https:\/\/sp22.pl\/nowa\/index.php\/wp-json\/wp\/v2\/tags?post=7223"}],"curies":[{"name":"wp","href":"https:\/\/api.w.org\/{rel}","templated":true}]}}