{"id":7198,"date":"2024-11-08T15:08:47","date_gmt":"2024-11-08T14:08:47","guid":{"rendered":"https:\/\/sp22.pl\/nowa\/?p=7198"},"modified":"2024-11-08T15:13:39","modified_gmt":"2024-11-08T14:13:39","slug":"wspolne-czytanie-dziadow-a-mickiewicza","status":"publish","type":"post","link":"https:\/\/sp22.pl\/nowa\/index.php\/2024\/11\/08\/wspolne-czytanie-dziadow-a-mickiewicza\/","title":{"rendered":"Wsp\u00f3lne czytanie &#8222;Dziad\u00f3w&#8221; A. Mickiewicza"},"content":{"rendered":"<p><span style=\"color: #000000;\">We wtorek &#8211; 30 pa\u017adziernika &#8211;&nbsp; biblioteka szkolna, we wsp\u00f3\u0142pracy z nauczycielkami j\u0119zyka polskiego: Ma\u0142gorzat\u0105 Piotrowsk\u0105, Edyt\u0105 Rejmer oraz Ann\u0105 Cybulsk\u0105, zaprosi\u0142a uczni\u00f3w klas si\u00f3dmych do wsp\u00f3lnego czytania cz\u0119\u015bci II \u201eDziad\u00f3w\u201d Adama Mickiewicza. Lektur\u0119 dramatu romantycznego u\u015bwietni\u0142a niecodzienna, specjalnie przygotowana na t\u0119 okazj\u0119 dekoracja oraz oprawa wizualna i d\u017awi\u0119kowa.<\/span><\/p>\n<p><span style=\"color: #000000;\">Interpretacj\u0119 utworu u\u0142atwi\u0142o odtworzone w trakcie spotkania niezwykle sugestywne s\u0142uchowisko, kt\u00f3re przygotowa\u0142o i udost\u0119pni\u0142o na&nbsp;internetowym kanale Stowarzyszenie Evviva l&#8217;arte. Uczniowie w trakcie nagrania \u015bledzili tekst w swoich egzemplarzach lektury i w\u0142\u0105czali si\u0119 w partie ch\u00f3ru.<\/span><\/p>\n<p><span style=\"color: #000000;\">\u201eCiemno wsz\u0119dzie, g\u0142ucho wsz\u0119dzie, Co to b\u0119dzie, co to b\u0119dzie?\u201d \u2013 rozbrzmiewa\u0142o w szkolnej czytelni, kt\u00f3ra tego dnia zosta\u0142a zaaran\u017cowana na wn\u0119trze starej, cmentarnej kaplicy.<\/span><\/p>\n<p><span style=\"color: #000000;\">Wsp\u00f3lne czytanie \u201eDziad\u00f3w\u201d by\u0142o swoistym preludium do obchod\u00f3w \u015bwi\u0119ta 1 listopada. Mia\u0142o na celu przybli\u017cenie uczniom dramatu, ale by\u0142o tak\u017ce okazj\u0105 do nakre\u015blenia genezy tego obrz\u0119du i wsp\u00f3lnego zastanowienia si\u0119, co z dawnych wierze\u0144 pozosta\u0142o do dzi\u015b w naszej tradycji.<\/span><\/p>\n<p><span style=\"color: #000000;\">Patronat nad wydarzeniem obj\u0119\u0142a Ksi\u0105\u017cnica P\u0142ocka.<\/span><\/p>\n<p><span style=\"color: #000000;\"><em>Oprac. Renata Piliczewska<\/em><\/span><\/p>\nngg_shortcode_0_placeholder\n","protected":false},"excerpt":{"rendered":"<p>&#46;&#46;&#46;<\/p>\n","protected":false},"author":4,"featured_media":7199,"comment_status":"open","ping_status":"open","sticky":false,"template":"","format":"standard","meta":{"ngg_post_thumbnail":0,"footnotes":""},"categories":[1],"tags":[],"class_list":["post-7198","post","type-post","status-publish","format-standard","has-post-thumbnail","hentry","category-wiadomosci"],"_links":{"self":[{"href":"https:\/\/sp22.pl\/nowa\/index.php\/wp-json\/wp\/v2\/posts\/7198","targetHints":{"allow":["GET"]}}],"collection":[{"href":"https:\/\/sp22.pl\/nowa\/index.php\/wp-json\/wp\/v2\/posts"}],"about":[{"href":"https:\/\/sp22.pl\/nowa\/index.php\/wp-json\/wp\/v2\/types\/post"}],"author":[{"embeddable":true,"href":"https:\/\/sp22.pl\/nowa\/index.php\/wp-json\/wp\/v2\/users\/4"}],"replies":[{"embeddable":true,"href":"https:\/\/sp22.pl\/nowa\/index.php\/wp-json\/wp\/v2\/comments?post=7198"}],"version-history":[{"count":4,"href":"https:\/\/sp22.pl\/nowa\/index.php\/wp-json\/wp\/v2\/posts\/7198\/revisions"}],"predecessor-version":[{"id":7207,"href":"https:\/\/sp22.pl\/nowa\/index.php\/wp-json\/wp\/v2\/posts\/7198\/revisions\/7207"}],"wp:featuredmedia":[{"embeddable":true,"href":"https:\/\/sp22.pl\/nowa\/index.php\/wp-json\/wp\/v2\/media\/7199"}],"wp:attachment":[{"href":"https:\/\/sp22.pl\/nowa\/index.php\/wp-json\/wp\/v2\/media?parent=7198"}],"wp:term":[{"taxonomy":"category","embeddable":true,"href":"https:\/\/sp22.pl\/nowa\/index.php\/wp-json\/wp\/v2\/categories?post=7198"},{"taxonomy":"post_tag","embeddable":true,"href":"https:\/\/sp22.pl\/nowa\/index.php\/wp-json\/wp\/v2\/tags?post=7198"}],"curies":[{"name":"wp","href":"https:\/\/api.w.org\/{rel}","templated":true}]}}