{"id":7110,"date":"2024-10-27T23:14:16","date_gmt":"2024-10-27T22:14:16","guid":{"rendered":"https:\/\/sp22.pl\/nowa\/?p=7110"},"modified":"2024-10-28T04:21:55","modified_gmt":"2024-10-28T03:21:55","slug":"wybory-do-samorzadu-uczniowskiego","status":"publish","type":"post","link":"https:\/\/sp22.pl\/nowa\/index.php\/2024\/10\/27\/wybory-do-samorzadu-uczniowskiego\/","title":{"rendered":"Wybory do Samorz\u0105du Uczniowskiego"},"content":{"rendered":"<p><span style=\"font-family: Arial, sans-serif; color: #000000;\">Na pocz\u0105tku pa\u017adziernika b.r. na gazetce Samorz\u0105du Uczniowskiego zosta\u0142y zamieszczone plakaty z sylwetkami czworga kandydat\u00f3w na Przewodnicz\u0105cego Samorz\u0105du Uczniowskiego w roku szkolnym 2024\/2025.<\/span><\/p>\n<p><span style=\"font-family: Arial, sans-serif; color: #000000;\">17 pa\u017adziernika w szkole odby\u0142y si\u0119 wybory. Przedstawiciele SU, pod nadzorem opiekuna, p. C. Krysi\u0144skiej, zebrali g\u0142osy. Wyniki przedstawia\u0142y si\u0119 nast\u0119puj\u0105co:<\/span><\/p>\n<p><span style=\"font-family: Arial, sans-serif; color: #000000;\">&#8211; g\u0142osuj\u0105cych: 610<\/span><\/p>\n<p><span style=\"font-family: Arial, sans-serif; color: #000000;\">&#8211; wa\u017cnych g\u0142os\u00f3w: 610<\/span><\/p>\n<p><span style=\"color: #000000;\">Rada Samorz\u0105du Uczniowskiego:<\/span><\/p>\n<p><span style=\"color: #000000;\">&#8211; Przewodnicz\u0105ca: Nadia Zimny &#8211; kl. 7g \/208 g\u0142os\u00f3w\/<\/span><\/p>\n<p><span style=\"color: #000000;\">&#8211; Z-ca Przewodnicz\u0105cej: Igor J\u0119drzejewski &#8211; kl. 8d \/204 g\u0142osy\/<\/span><\/p>\n<p><span style=\"color: #000000;\">&#8211; Sekretarz: Julia Szczepa\u0144ska &#8211; kl. 8b \/113 g\u0142os\u00f3w\/ oraz Marika Szyma\u0144ska &#8211; kl. 7a \/85 g\u0142os\u00f3w\/<\/span><\/p>\n<p><span style=\"color: #000000;\">Opiekunowie Samorz\u0105du Uczniowskiego: Celina Krysi\u0144ska, Halina Mielcarek i Aneta Szatkowska<\/span><\/p>\n<p><span style=\"color: #000000;\"><em>Oprac. Celina Krysi\u0144ska<\/em><\/span><\/p>\nngg_shortcode_0_placeholder\n","protected":false},"excerpt":{"rendered":"<p>&#46;&#46;&#46;<\/p>\n","protected":false},"author":4,"featured_media":7111,"comment_status":"open","ping_status":"open","sticky":false,"template":"","format":"standard","meta":{"ngg_post_thumbnail":0,"footnotes":""},"categories":[1],"tags":[],"class_list":["post-7110","post","type-post","status-publish","format-standard","has-post-thumbnail","hentry","category-wiadomosci"],"_links":{"self":[{"href":"https:\/\/sp22.pl\/nowa\/index.php\/wp-json\/wp\/v2\/posts\/7110","targetHints":{"allow":["GET"]}}],"collection":[{"href":"https:\/\/sp22.pl\/nowa\/index.php\/wp-json\/wp\/v2\/posts"}],"about":[{"href":"https:\/\/sp22.pl\/nowa\/index.php\/wp-json\/wp\/v2\/types\/post"}],"author":[{"embeddable":true,"href":"https:\/\/sp22.pl\/nowa\/index.php\/wp-json\/wp\/v2\/users\/4"}],"replies":[{"embeddable":true,"href":"https:\/\/sp22.pl\/nowa\/index.php\/wp-json\/wp\/v2\/comments?post=7110"}],"version-history":[{"count":1,"href":"https:\/\/sp22.pl\/nowa\/index.php\/wp-json\/wp\/v2\/posts\/7110\/revisions"}],"predecessor-version":[{"id":7112,"href":"https:\/\/sp22.pl\/nowa\/index.php\/wp-json\/wp\/v2\/posts\/7110\/revisions\/7112"}],"wp:featuredmedia":[{"embeddable":true,"href":"https:\/\/sp22.pl\/nowa\/index.php\/wp-json\/wp\/v2\/media\/7111"}],"wp:attachment":[{"href":"https:\/\/sp22.pl\/nowa\/index.php\/wp-json\/wp\/v2\/media?parent=7110"}],"wp:term":[{"taxonomy":"category","embeddable":true,"href":"https:\/\/sp22.pl\/nowa\/index.php\/wp-json\/wp\/v2\/categories?post=7110"},{"taxonomy":"post_tag","embeddable":true,"href":"https:\/\/sp22.pl\/nowa\/index.php\/wp-json\/wp\/v2\/tags?post=7110"}],"curies":[{"name":"wp","href":"https:\/\/api.w.org\/{rel}","templated":true}]}}