{"id":7051,"date":"2024-10-27T16:59:37","date_gmt":"2024-10-27T15:59:37","guid":{"rendered":"https:\/\/sp22.pl\/nowa\/?p=7051"},"modified":"2024-10-27T17:00:30","modified_gmt":"2024-10-27T16:00:30","slug":"uskrzydleni-wolontariusze-w-klubie-seniora-szansa","status":"publish","type":"post","link":"https:\/\/sp22.pl\/nowa\/index.php\/2024\/10\/27\/uskrzydleni-wolontariusze-w-klubie-seniora-szansa\/","title":{"rendered":"&#8222;Uskrzydleni&#8221; wolontariusze w Klubie Seniora &#8222;Szansa&#8221;"},"content":{"rendered":"<p><span style=\"color: #000000;\">10 pa\u017adziernika 2024 r. w zaprzyja\u017anionym z nasz\u0105 Szko\u0142\u0105 Klubie Seniora \u201eSzansa\u201d odby\u0142o si\u0119 mi\u0119dzypokoleniowe spotkanie, na kt\u00f3re zostali zaproszeni uczniowie dzia\u0142aj\u0105cy w szkolnym wolontariacie. Wsp\u00f3lnie sp\u0119dzone chwile up\u0142yn\u0119\u0142y na \u015bpiewaniu pie\u015bni patriotycznych i biesiadnych. Trzeba przyzna\u0107, \u017ce nasi \u201eUskrzydleni\u201d, razem z przemi\u0142ymi paniami seniorkami, stworzyli pi\u0119knie brzmi\u0105cy ch\u00f3r. Mieli r\u00f3wnie\u017c okazj\u0119 nauczy\u0107 si\u0119 bardzo praktycznej umiej\u0119tno\u015bci, a mianowicie szycia r\u0119cznego. Spod palc\u00f3w wolontariuszy, kt\u00f3rzy pracowali pod okiem do\u015bwiadczonych krawcowych, wysz\u0142y sympatyczne s\u0142oniki, maj\u0105ce przynie\u015b\u0107 im szcz\u0119\u015bcie podczas egzamin\u00f3w \u00f3smoklasisty. Praca manualna sprzyja\u0142a rozmowom i opowie\u015bciom, o tym jak to by\u0142o w szkole kiedy\u015b, a jak jest teraz. Mi\u0142ym&nbsp;akcentem ko\u0144cz\u0105cym spotkanie okaza\u0142 si\u0119 wsp\u00f3lny posi\u0142ek, bo nie ma co ukrywa\u0107, \u017ce po ca\u0142ym dniu r\u00f3\u017cnorodnych aktywno\u015bci nasi \u201eUskrzydleni\u201d poczuli g\u0142\u00f3d.<\/span><\/p>\n<p><span style=\"color: #000000;\">By\u0142o to bardzo udane spotkanie, mile sp\u0119dzony czas. Zreszt\u0105 obejrzyjcie zdj\u0119cia i zobaczcie sami\u2026<\/span><\/p>\n<p><span style=\"color: #000000;\">Opiekun przedsi\u0119wzi\u0119cia: Beata Szymczak<\/span><\/p>\n<p><em><span style=\"color: #000000;\">Oprac. Beata Szymczak<\/span><\/em><\/p>\nngg_shortcode_0_placeholder\n","protected":false},"excerpt":{"rendered":"<p>&#46;&#46;&#46;<\/p>\n","protected":false},"author":4,"featured_media":7052,"comment_status":"open","ping_status":"open","sticky":false,"template":"","format":"standard","meta":{"ngg_post_thumbnail":0,"footnotes":""},"categories":[1],"tags":[],"class_list":["post-7051","post","type-post","status-publish","format-standard","has-post-thumbnail","hentry","category-wiadomosci"],"_links":{"self":[{"href":"https:\/\/sp22.pl\/nowa\/index.php\/wp-json\/wp\/v2\/posts\/7051","targetHints":{"allow":["GET"]}}],"collection":[{"href":"https:\/\/sp22.pl\/nowa\/index.php\/wp-json\/wp\/v2\/posts"}],"about":[{"href":"https:\/\/sp22.pl\/nowa\/index.php\/wp-json\/wp\/v2\/types\/post"}],"author":[{"embeddable":true,"href":"https:\/\/sp22.pl\/nowa\/index.php\/wp-json\/wp\/v2\/users\/4"}],"replies":[{"embeddable":true,"href":"https:\/\/sp22.pl\/nowa\/index.php\/wp-json\/wp\/v2\/comments?post=7051"}],"version-history":[{"count":2,"href":"https:\/\/sp22.pl\/nowa\/index.php\/wp-json\/wp\/v2\/posts\/7051\/revisions"}],"predecessor-version":[{"id":7054,"href":"https:\/\/sp22.pl\/nowa\/index.php\/wp-json\/wp\/v2\/posts\/7051\/revisions\/7054"}],"wp:featuredmedia":[{"embeddable":true,"href":"https:\/\/sp22.pl\/nowa\/index.php\/wp-json\/wp\/v2\/media\/7052"}],"wp:attachment":[{"href":"https:\/\/sp22.pl\/nowa\/index.php\/wp-json\/wp\/v2\/media?parent=7051"}],"wp:term":[{"taxonomy":"category","embeddable":true,"href":"https:\/\/sp22.pl\/nowa\/index.php\/wp-json\/wp\/v2\/categories?post=7051"},{"taxonomy":"post_tag","embeddable":true,"href":"https:\/\/sp22.pl\/nowa\/index.php\/wp-json\/wp\/v2\/tags?post=7051"}],"curies":[{"name":"wp","href":"https:\/\/api.w.org\/{rel}","templated":true}]}}