{"id":7005,"date":"2024-10-22T23:20:47","date_gmt":"2024-10-22T21:20:47","guid":{"rendered":"https:\/\/sp22.pl\/nowa\/?p=7005"},"modified":"2024-10-23T13:17:16","modified_gmt":"2024-10-23T11:17:16","slug":"dzien-edukacji-narodowej-3","status":"publish","type":"post","link":"https:\/\/sp22.pl\/nowa\/index.php\/2024\/10\/22\/dzien-edukacji-narodowej-3\/","title":{"rendered":"Dzie\u0144 Edukacji Narodowej"},"content":{"rendered":"<p><span style=\"color: #000000;\"><span style=\"font-family: Arial, sans-serif;\">11 pa\u017adziernika w naszej szkole odby\u0142 si\u0119 apel okoliczno\u015bciowy z okazji \u015awi\u0119ta Edukacji Narodowej, podczas kt\u00f3rego Pani Dyrektor Marlena B\u0142achowicz z\u0142o\u017cy\u0142a \u017cyczenia ca\u0142emu gronu pedagogicznemu oraz wszystkim <span style=\"color: #000000;\">pracownikom szko\u0142y. Tradycyjnie tego dnia wraz z Paniami: Wicedyrektor p. Monik\u0105 Przemy\u0142sk\u0105 i p. Agnieszk\u0105 Gawli\u0144sk\u0105 wr\u0119czy\u0142a nagrody Dyrektora, gratuluj\u0105c sukces\u00f3w w pracy.<\/span><\/span><\/span><\/p>\n<p><span style=\"color: #000000;\"><span style=\"font-family: Arial, sans-serif;\">W pierwszej cz\u0119\u015bci uroczysto\u015bci mogli\u015bmy obejrze\u0107 scenk\u0119 z \u017cycia codziennego pedagog\u00f3w w pokoju nauczycielskim. W rol\u0119 belfr\u00f3w wcieli\u0142y si\u0119 uczennice Zosia Zwierzchowska, Marysia Sadowska, Wiktoria Gawli\u0144ska, Ewa Pi\u00f3rkowska, Alicja Bondar, Maja Jakubiak, Martyna Nicka oraz Lena Wojtylak i Amelia Mikulska. Narratorami za\u015b byli Justyna Majczak i Adam Wochnowicz. W przedstawienie wkomponowane by\u0142y wyst\u0119py zespo\u0142u muzycznego oraz Ch\u00f3ru TuTu.<\/span><\/span><\/p>\n<p><span style=\"color: #000000;\"><span style=\"font-family: Arial, sans-serif;\">O uatrakcyjnienie szkolnego \u015bwi\u0119ta zadba\u0142a Pani Aleksandra Rychter \u2013 koordynator uroczysto\u015bci, we wsp\u00f3\u0142pracy z Pani\u0105 Agnieszk\u0105 Kruszewsk\u0105 i Panem \u0141ukaszem Grockim. Dekoracj\u0119 wykona\u0142a Pani Monika Krzemi\u0144ska z pomoc\u0105 Pan\u00f3w Micha\u0142a Parzucha, Paw\u0142a Suli\u0144skiego, Sebastiana Za\u0142\u0119skiego, Rados\u0142awa Mrowickiego, Micha\u0142a Lubi\u0144skiego i Bogdana Kowalewskiego, serwisem fotograficznym zaj\u0119\u0142a si\u0119 Pani Marta Szumska.<\/span><\/span><\/p>\n<p><span style=\"color: #000000;\"><span style=\"font-family: Arial, sans-serif;\">Jeszcze raz \u017cyczymy naszym nauczycielom wszystkiego najlepszego!!!<\/span><\/span><\/p>\n<p><em><span style=\"color: #000000;\">Opracowanie: Aleksandra Rychter<\/span><\/em><\/p>\nngg_shortcode_0_placeholder\n","protected":false},"excerpt":{"rendered":"<p>&#46;&#46;&#46;<\/p>\n","protected":false},"author":4,"featured_media":7008,"comment_status":"open","ping_status":"open","sticky":false,"template":"","format":"standard","meta":{"ngg_post_thumbnail":0,"footnotes":""},"categories":[1],"tags":[],"class_list":["post-7005","post","type-post","status-publish","format-standard","has-post-thumbnail","hentry","category-wiadomosci"],"_links":{"self":[{"href":"https:\/\/sp22.pl\/nowa\/index.php\/wp-json\/wp\/v2\/posts\/7005","targetHints":{"allow":["GET"]}}],"collection":[{"href":"https:\/\/sp22.pl\/nowa\/index.php\/wp-json\/wp\/v2\/posts"}],"about":[{"href":"https:\/\/sp22.pl\/nowa\/index.php\/wp-json\/wp\/v2\/types\/post"}],"author":[{"embeddable":true,"href":"https:\/\/sp22.pl\/nowa\/index.php\/wp-json\/wp\/v2\/users\/4"}],"replies":[{"embeddable":true,"href":"https:\/\/sp22.pl\/nowa\/index.php\/wp-json\/wp\/v2\/comments?post=7005"}],"version-history":[{"count":2,"href":"https:\/\/sp22.pl\/nowa\/index.php\/wp-json\/wp\/v2\/posts\/7005\/revisions"}],"predecessor-version":[{"id":7009,"href":"https:\/\/sp22.pl\/nowa\/index.php\/wp-json\/wp\/v2\/posts\/7005\/revisions\/7009"}],"wp:featuredmedia":[{"embeddable":true,"href":"https:\/\/sp22.pl\/nowa\/index.php\/wp-json\/wp\/v2\/media\/7008"}],"wp:attachment":[{"href":"https:\/\/sp22.pl\/nowa\/index.php\/wp-json\/wp\/v2\/media?parent=7005"}],"wp:term":[{"taxonomy":"category","embeddable":true,"href":"https:\/\/sp22.pl\/nowa\/index.php\/wp-json\/wp\/v2\/categories?post=7005"},{"taxonomy":"post_tag","embeddable":true,"href":"https:\/\/sp22.pl\/nowa\/index.php\/wp-json\/wp\/v2\/tags?post=7005"}],"curies":[{"name":"wp","href":"https:\/\/api.w.org\/{rel}","templated":true}]}}