{"id":6963,"date":"2024-10-19T22:54:25","date_gmt":"2024-10-19T20:54:25","guid":{"rendered":"https:\/\/sp22.pl\/nowa\/?p=6963"},"modified":"2024-10-20T11:11:48","modified_gmt":"2024-10-20T09:11:48","slug":"noc-w-bibliotece","status":"publish","type":"post","link":"https:\/\/sp22.pl\/nowa\/index.php\/2024\/10\/19\/noc-w-bibliotece\/","title":{"rendered":"Noc w Bibliotece"},"content":{"rendered":"<p><span style=\"color: #000000;\">\u201eMoc bibliotek\u201d<\/span><\/p>\n<p><span style=\"color: #000000;\">Drzwi bibliotek s\u0105 otwarte! Zapraszaj\u0105 nas do \u015brodka!<br \/>\n<\/span><span style=\"color: #000000;\">W ksi\u0105\u017ckach mo\u017cna znale\u017a\u0107 wszystko i ka\u017cdego mo\u017cna spotka\u0107,<br \/>\n<\/span><span style=\"color: #000000;\">z ksi\u0105\u017ck\u0105 prze\u017cy\u0107 to i owo, co si\u0119 nigdy nie zdarzy\u0142o<br \/>\n<\/span><span style=\"color: #000000;\">i dlatego moc bibliotek dzia\u0142a na nas z tak\u0105 si\u0142\u0105!<br \/>\n<\/span><span style=\"color: #000000;\">Ma\u0142gorzata Strza\u0142kowska<\/span><\/p>\n<p><span style=\"color: #000000;\">Noc Bibliotek to wielkie \u015bwi\u0119to bibliotek i czytania. Biblioteki publiczne, szkolne, pedagogiczne i inne w ca\u0142ej Polsce otwieraj\u0105 si\u0119 po&nbsp;zmroku i zapraszaj\u0105 do odwiedzin. W tw\u00f3rczy i oryginalny spos\u00f3b pokazuj\u0105 swoje zbiory, a tak\u017ce przygotowuj\u0105 dzia\u0142ania artystyczne, edukacyjne i rozrywkowe, kt\u00f3re zach\u0119caj\u0105 do czytania.<br \/>\n<\/span><span style=\"color: #000000;\">Nasza szkolna biblioteka r\u00f3wnie\u017c przygotowa\u0142a dla czytelnik\u00f3w specjalne wydarzenie. Na pocz\u0105tek escape room w oparciu o urban fantasy <em>PAX. Pal przekle\u0144stwa<\/em>. Uczestnicy stan\u0119li przed nie lada wyzwaniem. Wraz z bohaterami ksi\u0105\u017cki, musieli znale\u017a\u0107 spos\u00f3b, aby&nbsp;uratowa\u0107 \u015bwiat przed ingerencj\u0105 si\u0142 ciemno\u015bci. A gdzie szuka\u0107 wiedzy, jak z si\u0142ami ciemno\u015bci walczy\u0107? Oczywi\u015bcie w pewnej tajemniczej bibliotece!<br \/>\n<\/span><span style=\"color: #000000;\">\u015awiat zosta\u0142 uratowany, dzi\u0119ki czemu mo\u017cna by\u0142o przej\u015b\u0107 do innych, nie mniej zajmuj\u0105cych, spraw. W ramach warsztat\u00f3w pi\u0119knego pisania, uczestnicy mogli zg\u0142\u0119bi\u0107 tajniki kaligrafii, a wykonane w\u0142asnor\u0119cznie wizyt\u00f3wki ozdobi\u0107 piecz\u0119ci\u0105 lakow\u0105. Niezwyk\u0142e rzeczy dzia\u0142y si\u0119 tak\u017ce w <em>Manufakturze ksi\u0105\u017cki<\/em>, gdzie na podstawie przeczytanego fragmentu opowie\u015bci <em>Spacer z kotem<\/em>, wsp\u00f3lnie tworzyli\u015bmy ksi\u0105\u017ck\u0119 dotykow\u0105. Na koniec ciekawa rozmowa z dwiema niezwykle interesuj\u0105cymi dziewczynami &#8211; Marik\u0105 z 7a i Wiktori\u0105 z 8d. Obie maj\u0105 mn\u00f3stwo talent\u00f3w, pasji i zainteresowa\u0144. I potrafi\u0105 zajmuj\u0105co o nich opowiada\u0107. Wywiad do przeczytania ju\u017c wkr\u00f3tce w&nbsp;najnowszym, specjalnym numerze \u201eSzatni\u201d, kt\u00f3ry powstawa\u0142 w trakcie Nocy w Bibliotece. Zajrzyjcie do niego koniecznie!<\/span><\/p>\n<p><span style=\"color: #000000;\">W taki oto niekonwencjonalny spos\u00f3b zach\u0119camy do korzystania z zasob\u00f3w naszej biblioteki. Dzi\u0119kujemy tym, kt\u00f3rzy wsp\u00f3lnie z nami tworzyli to wyj\u0105tkowe wydarzenie. Mamy nadziej\u0119, \u017ce nasze dzia\u0142ania pokaza\u0142y, jak ciekawym, przyjaznym i otwartym miejscem jest biblioteka. I \u017ce wielka jest MOC Bibliotek!<\/span><\/p>\n<p><span style=\"color: #000000;\"><em>Wydarzenie przygotowa\u0142y i przeprowadzi\u0142y: Iwona Blank, Renata Piliczewska, Emilia Heljasi\u0144ska-Schmidt<\/em><\/span><\/p>\n<p><span style=\"color: #000000;\"><em>Oprac. Iwona Blank<\/em><\/span><\/p>\nngg_shortcode_0_placeholder\n","protected":false},"excerpt":{"rendered":"<p>&#46;&#46;&#46;<\/p>\n","protected":false},"author":4,"featured_media":6964,"comment_status":"open","ping_status":"open","sticky":false,"template":"","format":"standard","meta":{"ngg_post_thumbnail":0,"footnotes":""},"categories":[1],"tags":[],"class_list":["post-6963","post","type-post","status-publish","format-standard","has-post-thumbnail","hentry","category-wiadomosci"],"_links":{"self":[{"href":"https:\/\/sp22.pl\/nowa\/index.php\/wp-json\/wp\/v2\/posts\/6963","targetHints":{"allow":["GET"]}}],"collection":[{"href":"https:\/\/sp22.pl\/nowa\/index.php\/wp-json\/wp\/v2\/posts"}],"about":[{"href":"https:\/\/sp22.pl\/nowa\/index.php\/wp-json\/wp\/v2\/types\/post"}],"author":[{"embeddable":true,"href":"https:\/\/sp22.pl\/nowa\/index.php\/wp-json\/wp\/v2\/users\/4"}],"replies":[{"embeddable":true,"href":"https:\/\/sp22.pl\/nowa\/index.php\/wp-json\/wp\/v2\/comments?post=6963"}],"version-history":[{"count":16,"href":"https:\/\/sp22.pl\/nowa\/index.php\/wp-json\/wp\/v2\/posts\/6963\/revisions"}],"predecessor-version":[{"id":6978,"href":"https:\/\/sp22.pl\/nowa\/index.php\/wp-json\/wp\/v2\/posts\/6963\/revisions\/6978"}],"wp:featuredmedia":[{"embeddable":true,"href":"https:\/\/sp22.pl\/nowa\/index.php\/wp-json\/wp\/v2\/media\/6964"}],"wp:attachment":[{"href":"https:\/\/sp22.pl\/nowa\/index.php\/wp-json\/wp\/v2\/media?parent=6963"}],"wp:term":[{"taxonomy":"category","embeddable":true,"href":"https:\/\/sp22.pl\/nowa\/index.php\/wp-json\/wp\/v2\/categories?post=6963"},{"taxonomy":"post_tag","embeddable":true,"href":"https:\/\/sp22.pl\/nowa\/index.php\/wp-json\/wp\/v2\/tags?post=6963"}],"curies":[{"name":"wp","href":"https:\/\/api.w.org\/{rel}","templated":true}]}}