{"id":6750,"date":"2024-09-22T12:46:45","date_gmt":"2024-09-22T10:46:45","guid":{"rendered":"https:\/\/sp22.pl\/nowa\/?p=6750"},"modified":"2024-09-22T12:51:14","modified_gmt":"2024-09-22T10:51:14","slug":"apel-sukcesow","status":"publish","type":"post","link":"https:\/\/sp22.pl\/nowa\/index.php\/2024\/09\/22\/apel-sukcesow\/","title":{"rendered":"Apel Sukces\u00f3w"},"content":{"rendered":"<p lang=\"zxx\" align=\"left\"><span style=\"font-family: Arial, sans-serif; color: #000000;\"><span style=\"font-size: medium;\">12 wrze\u015bnia 2024 r. mieli\u015bmy zaszczyt i przyjemno\u015b\u0107 uhonorowa\u0107 naszych wyj\u0105tkowych stypendyst\u00f3w, kt\u00f3rzy dzi\u0119ki swojej ci\u0119\u017ckiej pracy, determinacji i pasji osi\u0105gn\u0119li znacz\u0105ce sukcesy w nauce oraz w sporcie.<\/span><\/span><\/p>\n<p lang=\"zxx\" align=\"left\"><span style=\"font-family: Arial, sans-serif; color: #000000;\"><span style=\"font-size: medium;\">Ich osi\u0105gni\u0119cia s\u0105 powodem do dumy dla ca\u0142ej naszej spo\u0142eczno\u015bci szkolnej. Te stypendia to nie tylko nagroda za dotychczasowe wysi\u0142ki, ale tak\u017ce motywacja do dalszego rozwoju. Nagrodzeni s\u0105 doskona\u0142ym przyk\u0142adem tego, \u017ce ci\u0119\u017cka praca i zaanga\u017cowanie przynosz\u0105 owoce, a ich osi\u0105gni\u0119cia pokazuj\u0105, \u017ce marzenia s\u0105 w zasi\u0119gu r\u0119ki, a sukces mo\u017cna osi\u0105gn\u0105\u0107.<\/span><\/span><\/p>\n<p lang=\"zxx\" align=\"left\"><span style=\"font-family: Arial, sans-serif; color: #000000;\"><span style=\"font-size: medium;\">Wierzymy, \u017ce w naszej szkole jest wiele talent\u00f3w, kt\u00f3re czekaj\u0105 na odkrycie. Nie nale\u017cy ba\u0107 si\u0119 stawia\u0107 sobie ambitnych cel\u00f3w i walczy\u0107 o nie. Razem mo\u017cemy stworzy\u0107 \u015brodowisko, w kt\u00f3rym ka\u017cdy z nas b\u0119dzie m\u00f3g\u0142 rozkwitn\u0105\u0107 i osi\u0105gn\u0105\u0107 sw\u00f3j sukces.<\/span><\/span><\/p>\n<p lang=\"zxx\" align=\"left\"><span style=\"font-family: Arial, sans-serif; color: #000000;\"><span style=\"font-size: medium;\">Podczas uroczystego apelu Pani Dyrektor- Marlena B\u0142achowicz- przeczyta\u0142a list Prezydenta P\u0142ocka skierowany do stypendyst\u00f3w. Nast\u0119pnie, w rytmie fanfar\u00f3w, wr\u0119czy\u0142a dyplomy i pogratulowa\u0142a wszystkim nagrodzonym. <\/span><\/span><\/p>\n<p lang=\"zxx\" align=\"left\"><span style=\"font-family: Arial, sans-serif; color: #000000;\"><span style=\"font-size: medium;\">Ka\u017cdy stypendysta przeszed\u0142 po czerwonym dywanie, a w tym czasie uczniowie oraz nauczyciele bili gromkie brawa i wiwatowali.<\/span><\/span><\/p>\n<p lang=\"zxx\" align=\"left\"><span style=\"font-family: Arial, sans-serif; color: #000000;\"><span style=\"font-size: medium;\">Kilka s\u0142\u00f3w uznania dla rodzic\u00f3w i nauczycieli pad\u0142o ze strony przedstawicielek stypendyst\u00f3w: Amelii z klasy 5d oraz Olgi z klasy 8c. Dziewcz\u0119ta podkre\u015bli\u0142y olbrzymi\u0105 rol\u0119, jak\u0105 doro\u015bli spe\u0142niaj\u0105 w drodze do uzyskania takich osi\u0105gni\u0119\u0107. <\/span><\/span><\/p>\n<p lang=\"zxx\" align=\"left\"><span style=\"font-family: Arial, sans-serif; color: #000000;\"><span style=\"font-size: medium;\">Podczas apelu wszystkim uczniom zaprezentowali si\u0119 cz\u0142onkowie zespo\u0142u psychologiczno &#8211; pedagogicznego: p. Mariusz \u0141akomski, p. Beata Cie\u015ble\u0144ska, p. Alicja Wojda i p. Marta Zawidzka. G\u0142os zabrali r\u00f3wnie\u017c przedstawiciele harcerzy, kt\u00f3rzy zaprosili do wst\u0105pienia w ich szeregi. <\/span><\/span><\/p>\n<p lang=\"zxx\" align=\"left\"><span style=\"font-family: Arial, sans-serif; color: #000000;\"><span style=\"font-size: medium;\">Na koniec, w rytmie utworu &#8222;We Are the Champions&#8221;, mo\u017cna by\u0142o wykona\u0107 pami\u0105tkowe zdj\u0119cie ze stypendystami na tle dekoracyjnej \u015bcianki.<\/span><\/span><\/p>\n<p lang=\"zxx\" align=\"left\"><span style=\"font-family: Arial, sans-serif; color: #000000;\"><span style=\"font-size: medium;\">Apel zosta\u0142 u\u015bwietniony wyst\u0119pem uczni\u00f3w klas \u00f3smych: Nikoli, Mateusza i Romka, pod kierunkiem opiekunek Samorz\u0105du Uczniowskiego: Celiny Krysi\u0144skiej, Haliny Mielcarek i Anety Szatkowskiej.<\/span><\/span><\/p>\n<p lang=\"zxx\" align=\"left\"><span style=\"color: #000000;\"><em>Opracowanie materia\u0142u: Celina Krysi\u0144ska<\/em><\/span><\/p>\nngg_shortcode_0_placeholder\n","protected":false},"excerpt":{"rendered":"<p>&#46;&#46;&#46;<\/p>\n","protected":false},"author":4,"featured_media":6751,"comment_status":"open","ping_status":"open","sticky":false,"template":"","format":"standard","meta":{"ngg_post_thumbnail":0,"footnotes":""},"categories":[1],"tags":[],"class_list":["post-6750","post","type-post","status-publish","format-standard","has-post-thumbnail","hentry","category-wiadomosci"],"_links":{"self":[{"href":"https:\/\/sp22.pl\/nowa\/index.php\/wp-json\/wp\/v2\/posts\/6750","targetHints":{"allow":["GET"]}}],"collection":[{"href":"https:\/\/sp22.pl\/nowa\/index.php\/wp-json\/wp\/v2\/posts"}],"about":[{"href":"https:\/\/sp22.pl\/nowa\/index.php\/wp-json\/wp\/v2\/types\/post"}],"author":[{"embeddable":true,"href":"https:\/\/sp22.pl\/nowa\/index.php\/wp-json\/wp\/v2\/users\/4"}],"replies":[{"embeddable":true,"href":"https:\/\/sp22.pl\/nowa\/index.php\/wp-json\/wp\/v2\/comments?post=6750"}],"version-history":[{"count":4,"href":"https:\/\/sp22.pl\/nowa\/index.php\/wp-json\/wp\/v2\/posts\/6750\/revisions"}],"predecessor-version":[{"id":6755,"href":"https:\/\/sp22.pl\/nowa\/index.php\/wp-json\/wp\/v2\/posts\/6750\/revisions\/6755"}],"wp:featuredmedia":[{"embeddable":true,"href":"https:\/\/sp22.pl\/nowa\/index.php\/wp-json\/wp\/v2\/media\/6751"}],"wp:attachment":[{"href":"https:\/\/sp22.pl\/nowa\/index.php\/wp-json\/wp\/v2\/media?parent=6750"}],"wp:term":[{"taxonomy":"category","embeddable":true,"href":"https:\/\/sp22.pl\/nowa\/index.php\/wp-json\/wp\/v2\/categories?post=6750"},{"taxonomy":"post_tag","embeddable":true,"href":"https:\/\/sp22.pl\/nowa\/index.php\/wp-json\/wp\/v2\/tags?post=6750"}],"curies":[{"name":"wp","href":"https:\/\/api.w.org\/{rel}","templated":true}]}}