{"id":6724,"date":"2024-09-17T01:18:11","date_gmt":"2024-09-16T23:18:11","guid":{"rendered":"https:\/\/sp22.pl\/nowa\/?p=6724"},"modified":"2024-09-22T12:51:36","modified_gmt":"2024-09-22T10:51:36","slug":"narodowe-czytanie-2024","status":"publish","type":"post","link":"https:\/\/sp22.pl\/nowa\/index.php\/2024\/09\/17\/narodowe-czytanie-2024\/","title":{"rendered":"Narodowe Czytanie 2024"},"content":{"rendered":"<p><span style=\"color: #000000;\">W upalne, sobotnie popo\u0142udnie 7 wrze\u015bnia, w ogrodzie Ksi\u0105\u017cnicy P\u0142ockiej, mia\u0142a miejsce kolejna ods\u0142ona Narodowego Czytania.&nbsp; To wielkie czytelnicze wydarzenie. Podczas tegorocznej, trzynastej edycji, odby\u0142o si\u0119 wsp\u00f3lne czytanie \u201eKordiana\u201d Juliusza S\u0142owackiego. Zgromadzona publiczno\u015b\u0107 podziwia\u0142a wspania\u0142\u0105 interpretacj\u0119 wybranych fragment\u00f3w w wykonaniu aktor\u00f3w Teatru Dramatycznego im. Jerzego Szaniawskiego w P\u0142ocku. Ponadto, w zupe\u0142nie nowych dla siebie rolach, &nbsp;wyst\u0105pili: przedstawiciele w\u0142adz miasta, s\u0142u\u017cb mundurowych, firm, instytucji kultury, a tak\u017ce politycy, spo\u0142ecznicy, dziennikarze i uczniowie. <\/span><br \/>\n<span style=\"color: #000000;\">W takim wydarzeniu nie mog\u0142o zabrakn\u0105\u0107 reprezentacji naszej Szko\u0142y! Z nie\u0142atwym tekstem dramatu zmierzyli si\u0119 \u00f3smoklasi\u015bci: Wiktoria Gawli\u0144ska i Adam Wochnowicz, kt\u00f3rzy aby lepiej wcieli\u0107 si\u0119 w bohater\u00f3w, przywdziali stroje z epoki. Zebrana w ogrodzie publiczno\u015b\u0107 nagrodzi\u0142a ich wyst\u0119p gromkimi brawami.<\/span><\/p>\n<p><span style=\"color: #000000;\">Narodowe Czytanie to og\u00f3lnopolska akcja spo\u0142eczna propaguj\u0105ca znajomo\u015b\u0107 literatury polskiej, w kt\u00f3rej obszerne fragmenty dzie\u0142 odczytywane s\u0105 publicznie. Odbywa si\u0119 pod honorowym patronatem Pary Prezydenckiej.&nbsp;<\/span><\/p>\n<p><em><span style=\"color: #000000;\">Tekst i zdj\u0119cia: Iwona Blank<\/span><\/em><\/p>\nngg_shortcode_0_placeholder\n","protected":false},"excerpt":{"rendered":"<p>&#46;&#46;&#46;<\/p>\n","protected":false},"author":4,"featured_media":6725,"comment_status":"open","ping_status":"open","sticky":false,"template":"","format":"standard","meta":{"ngg_post_thumbnail":0,"footnotes":""},"categories":[1],"tags":[],"class_list":["post-6724","post","type-post","status-publish","format-standard","has-post-thumbnail","hentry","category-wiadomosci"],"_links":{"self":[{"href":"https:\/\/sp22.pl\/nowa\/index.php\/wp-json\/wp\/v2\/posts\/6724","targetHints":{"allow":["GET"]}}],"collection":[{"href":"https:\/\/sp22.pl\/nowa\/index.php\/wp-json\/wp\/v2\/posts"}],"about":[{"href":"https:\/\/sp22.pl\/nowa\/index.php\/wp-json\/wp\/v2\/types\/post"}],"author":[{"embeddable":true,"href":"https:\/\/sp22.pl\/nowa\/index.php\/wp-json\/wp\/v2\/users\/4"}],"replies":[{"embeddable":true,"href":"https:\/\/sp22.pl\/nowa\/index.php\/wp-json\/wp\/v2\/comments?post=6724"}],"version-history":[{"count":2,"href":"https:\/\/sp22.pl\/nowa\/index.php\/wp-json\/wp\/v2\/posts\/6724\/revisions"}],"predecessor-version":[{"id":6756,"href":"https:\/\/sp22.pl\/nowa\/index.php\/wp-json\/wp\/v2\/posts\/6724\/revisions\/6756"}],"wp:featuredmedia":[{"embeddable":true,"href":"https:\/\/sp22.pl\/nowa\/index.php\/wp-json\/wp\/v2\/media\/6725"}],"wp:attachment":[{"href":"https:\/\/sp22.pl\/nowa\/index.php\/wp-json\/wp\/v2\/media?parent=6724"}],"wp:term":[{"taxonomy":"category","embeddable":true,"href":"https:\/\/sp22.pl\/nowa\/index.php\/wp-json\/wp\/v2\/categories?post=6724"},{"taxonomy":"post_tag","embeddable":true,"href":"https:\/\/sp22.pl\/nowa\/index.php\/wp-json\/wp\/v2\/tags?post=6724"}],"curies":[{"name":"wp","href":"https:\/\/api.w.org\/{rel}","templated":true}]}}