{"id":6689,"date":"2024-09-14T09:43:10","date_gmt":"2024-09-14T07:43:10","guid":{"rendered":"https:\/\/sp22.pl\/nowa\/?p=6689"},"modified":"2024-09-14T10:52:52","modified_gmt":"2024-09-14T08:52:52","slug":"witamy-uczniow-klas-pierwszych","status":"publish","type":"post","link":"https:\/\/sp22.pl\/nowa\/index.php\/2024\/09\/14\/witamy-uczniow-klas-pierwszych\/","title":{"rendered":"Rozpocz\u0119cie roku szkolnego 2024\/2025"},"content":{"rendered":"<p><strong><span style=\"color: #000000;\">&nbsp; Witamy Uczni\u00f3w Klas Pierwszych<\/span><\/strong><\/p>\n<p><span style=\"color: #000000;\">&nbsp; 2 wrze\u015bnia 2024 roku by\u0142 w naszej Szkole dniem szczeg\u00f3lnym dla&nbsp;Pierwszoklasist\u00f3w i Ich Rodzic\u00f3w. Dzieci, po raz pierwszy, uczestniczy\u0142y w&nbsp;inauguracji nowego roku szkolnego.<\/span><\/p>\n<p><span style=\"color: #000000;\">&nbsp;&nbsp;&nbsp; Na tej wa\u017cnej uroczysto\u015bci zgromadzili si\u0119 Uczniowie klas pierwszych wraz z Rodzicami, Dyrekor Szko\u0142y- p. Marlena B\u0142achowicz, Wicedyrektor Szko\u0142y- p. Monika Przemy\u0142ska, Wicedyrektor Szko\u0142y- p. Agnieszka Gawli\u0144ska, pozostali nauczyciele oraz zaproszeni Go\u015bcie: Wiceprezydent Miasta P\u0142ocka &#8211; p. \u0141ukasz Jankowski, Przewodnicz\u0105cy Rady Rodzic\u00f3w &#8211; p. Przemys\u0142aw Zieli\u0144ski, Proboszcz Parafii \u015bw. Wojciecha w P\u0142ocku &#8211; ks. Jerzy \u0141awicki.<\/span><\/p>\n<p><span style=\"color: #000000;\">&nbsp;&nbsp; Jak przysta\u0142o na tak wyj\u0105tkowy moment, uroczysto\u015b\u0107 rozpocz\u0119to od\u015bpiewaniem hymnu narodowego. Dzia\u0142o si\u0119 to w obecno\u015bci pocztu sztandarowego Szko\u0142y. Nast\u0119pnie przyby\u0142ych Uczni\u00f3w i Ich Rodzic\u00f3w powita\u0142a Dyrektor Szko\u0142y &#8211; Pani Marlena B\u0142achowicz. W swoim wyst\u0105pieniu zawar\u0142a zadowolenie z powi\u0119kszenia si\u0119 spo\u0142eczno\u015bci szkolnej o nowych Uczni\u00f3w i Rodzic\u00f3w. Skierowa\u0142a r\u00f3wnie\u017c do Dzieci \u017cyczenia, aby rozpoczynaj\u0105ca si\u0119 w\u0142a\u015bnie przygoda z nauk\u0105 przynios\u0142a Im i Ich Rodzicom wiele rado\u015bci, satysfakcji i dumy. Ciep\u0142e s\u0142owa przekazali te\u017c Pierwszoklasistom wszyscy zaproszeni Go\u015bcie, a Wiceprezydent Miasta P\u0142ocka- p. \u0141ukasz Jankowski, przygotowa\u0142 dla ka\u017cdego Ucznia upominek.<\/span><\/p>\n<p><span style=\"color: #000000;\">&nbsp; W dalszej cz\u0119\u015bci spotkania odby\u0142o si\u0119 uroczyste \u015blubowanie oraz pasowanie Dzieci na Pierwszoklasist\u00f3w. Na pami\u0105tk\u0119 tak donios\u0142ej chwili ka\u017cdy Ucze\u0144 otrzyma\u0142 tak\u017ce odznak\u0119 z logo Szko\u0142y. Spotkanie u\u015bwietni\u0142 wyst\u0119p szkolnego ch\u00f3ru i zespo\u0142u muzycznego.<\/span><\/p>\n<p><span style=\"color: #000000;\">&nbsp; Pierwszoklasi\u015bci, wraz z Rodzicami, mieli r\u00f3wnie\u017c okazj\u0119 spotka\u0107 si\u0119 ze swoimi Wychowawcami w salach lekcyjnych.<\/span><\/p>\n<p><span style=\"color: #000000;\">W nowym roku szkolnym \u017cyczymy wszystkim Uczniom wielu sukces\u00f3w. <\/span><\/p>\n<p><em><span style=\"color: #000000;\">Przygotowanie uroczysto\u015bci: p. A. Markowska, p. I. Spiek, p. E. Gill, oprawa muzyczna p. \u0141. Grocki, zdj\u0119cia p. M. Szumska, dekoracja &#8211; zesp\u00f3\u0142 \u015bwietlicowy.&nbsp;<\/span><\/em><\/p>\n<p><em><span style=\"color: #000000;\">Opracowanie materia\u0142u: E. Gill<\/span><\/em><\/p>\nngg_shortcode_0_placeholder\n","protected":false},"excerpt":{"rendered":"<p>&#46;&#46;&#46;<\/p>\n","protected":false},"author":4,"featured_media":6696,"comment_status":"open","ping_status":"open","sticky":false,"template":"","format":"standard","meta":{"ngg_post_thumbnail":0,"footnotes":""},"categories":[1],"tags":[],"class_list":["post-6689","post","type-post","status-publish","format-standard","has-post-thumbnail","hentry","category-wiadomosci"],"_links":{"self":[{"href":"https:\/\/sp22.pl\/nowa\/index.php\/wp-json\/wp\/v2\/posts\/6689","targetHints":{"allow":["GET"]}}],"collection":[{"href":"https:\/\/sp22.pl\/nowa\/index.php\/wp-json\/wp\/v2\/posts"}],"about":[{"href":"https:\/\/sp22.pl\/nowa\/index.php\/wp-json\/wp\/v2\/types\/post"}],"author":[{"embeddable":true,"href":"https:\/\/sp22.pl\/nowa\/index.php\/wp-json\/wp\/v2\/users\/4"}],"replies":[{"embeddable":true,"href":"https:\/\/sp22.pl\/nowa\/index.php\/wp-json\/wp\/v2\/comments?post=6689"}],"version-history":[{"count":8,"href":"https:\/\/sp22.pl\/nowa\/index.php\/wp-json\/wp\/v2\/posts\/6689\/revisions"}],"predecessor-version":[{"id":6698,"href":"https:\/\/sp22.pl\/nowa\/index.php\/wp-json\/wp\/v2\/posts\/6689\/revisions\/6698"}],"wp:featuredmedia":[{"embeddable":true,"href":"https:\/\/sp22.pl\/nowa\/index.php\/wp-json\/wp\/v2\/media\/6696"}],"wp:attachment":[{"href":"https:\/\/sp22.pl\/nowa\/index.php\/wp-json\/wp\/v2\/media?parent=6689"}],"wp:term":[{"taxonomy":"category","embeddable":true,"href":"https:\/\/sp22.pl\/nowa\/index.php\/wp-json\/wp\/v2\/categories?post=6689"},{"taxonomy":"post_tag","embeddable":true,"href":"https:\/\/sp22.pl\/nowa\/index.php\/wp-json\/wp\/v2\/tags?post=6689"}],"curies":[{"name":"wp","href":"https:\/\/api.w.org\/{rel}","templated":true}]}}