{"id":6323,"date":"2024-06-18T09:06:58","date_gmt":"2024-06-18T07:06:58","guid":{"rendered":"https:\/\/sp22.pl\/nowa\/?p=6323"},"modified":"2024-07-01T09:18:35","modified_gmt":"2024-07-01T07:18:35","slug":"bal-osmych-klas","status":"publish","type":"post","link":"https:\/\/sp22.pl\/nowa\/index.php\/2024\/06\/18\/bal-osmych-klas\/","title":{"rendered":"Bal \u00f3smych klas"},"content":{"rendered":"<p><span style=\"color: #000000;\">Bale na zako\u0144czenie edukacji w naszej szkole to ju\u017c tradycja&#8230;<\/span><\/p>\n<p><span style=\"color: #000000;\">W pi\u0105tkowy wiecz\u00f3r 14 czerwca 2024 roku odby\u0142 si\u0119 w naszej szkole bal \u00f3smoklasist\u00f3w. Imprez\u0119 tradycyjnie rozpocz\u0119to uroczystym polonezem odta\u0144czonym przez uczni\u00f3w i nauczycieli. Nast\u0119pnie g\u0142os zabra\u0142 Pan Dyrektor Janusz Banasiak, kt\u00f3ry r\u00f3wnie\u017c w tym roku ko\u0144czy swoj\u0105 kadencj\u0119 na zajmowanym stanowisku. Przysz\u0142ym absolwentom \u017cyczy\u0142 udanej zabawy, a sam otrzyma\u0142 kwiaty i podzi\u0119kowania za lata pracy od uczni\u00f3w i rodzic\u00f3w. W dalszej cz\u0119\u015bci balu zabawa po\u0142\u0105czy\u0142a wszystkich w jednym wsp\u00f3lnym biesiadnym gronie.&nbsp; Przyszli absolwenci, rodzice i nauczyciele poddali si\u0119 nieskr\u0119powanym szale\u0144stwom na parkiecie, kt\u00f3rym towarzyszy\u0142a wspania\u0142a atmosfera i radosne emocje. Dodatkow\u0105 atrakcj\u0105 by\u0142y zdj\u0119cia z fotobudki. W przerwach pomi\u0119dzy ta\u0144cami, kt\u00f3re trwa\u0142y do p\u00f3\u017anych godzin wieczornych, uczniowie i&nbsp;zaproszeni go\u015bcie korzystali z przygotowanego pocz\u0119stunku. Mimo \u017ce tegoroczny bal odby\u0142 si\u0119 w nieco skromniejszej oprawie ze wzgl\u0119du na rocznik licz\u0105cy tylko trzy klasy \u00f3sme, to z pewno\u015bci\u0105 na d\u0142ugie lata pozostanie dla jego uczestnik\u00f3w niezapomnianym wspomnieniem. Za organizacj\u0119 imprezy, zaanga\u017cowanie i serdeczn\u0105 atmosfer\u0119 wielkie podzi\u0119kowania sk\u0142adamy Rodzicom.<\/span><\/p>\nngg_shortcode_0_placeholder\n","protected":false},"excerpt":{"rendered":"<p>&#46;&#46;&#46;<\/p>\n","protected":false},"author":4,"featured_media":6324,"comment_status":"open","ping_status":"open","sticky":false,"template":"","format":"standard","meta":{"ngg_post_thumbnail":0,"footnotes":""},"categories":[1],"tags":[],"class_list":["post-6323","post","type-post","status-publish","format-standard","has-post-thumbnail","hentry","category-wiadomosci"],"_links":{"self":[{"href":"https:\/\/sp22.pl\/nowa\/index.php\/wp-json\/wp\/v2\/posts\/6323","targetHints":{"allow":["GET"]}}],"collection":[{"href":"https:\/\/sp22.pl\/nowa\/index.php\/wp-json\/wp\/v2\/posts"}],"about":[{"href":"https:\/\/sp22.pl\/nowa\/index.php\/wp-json\/wp\/v2\/types\/post"}],"author":[{"embeddable":true,"href":"https:\/\/sp22.pl\/nowa\/index.php\/wp-json\/wp\/v2\/users\/4"}],"replies":[{"embeddable":true,"href":"https:\/\/sp22.pl\/nowa\/index.php\/wp-json\/wp\/v2\/comments?post=6323"}],"version-history":[{"count":1,"href":"https:\/\/sp22.pl\/nowa\/index.php\/wp-json\/wp\/v2\/posts\/6323\/revisions"}],"predecessor-version":[{"id":6325,"href":"https:\/\/sp22.pl\/nowa\/index.php\/wp-json\/wp\/v2\/posts\/6323\/revisions\/6325"}],"wp:featuredmedia":[{"embeddable":true,"href":"https:\/\/sp22.pl\/nowa\/index.php\/wp-json\/wp\/v2\/media\/6324"}],"wp:attachment":[{"href":"https:\/\/sp22.pl\/nowa\/index.php\/wp-json\/wp\/v2\/media?parent=6323"}],"wp:term":[{"taxonomy":"category","embeddable":true,"href":"https:\/\/sp22.pl\/nowa\/index.php\/wp-json\/wp\/v2\/categories?post=6323"},{"taxonomy":"post_tag","embeddable":true,"href":"https:\/\/sp22.pl\/nowa\/index.php\/wp-json\/wp\/v2\/tags?post=6323"}],"curies":[{"name":"wp","href":"https:\/\/api.w.org\/{rel}","templated":true}]}}