{"id":6278,"date":"2024-06-13T20:50:33","date_gmt":"2024-06-13T18:50:33","guid":{"rendered":"https:\/\/sp22.pl\/nowa\/?p=6278"},"modified":"2024-06-28T21:08:50","modified_gmt":"2024-06-28T19:08:50","slug":"rozstrzygniecie-miedzyszkolnego-konkursu-multimedialnego-zapraszamy-do-plocka","status":"publish","type":"post","link":"https:\/\/sp22.pl\/nowa\/index.php\/2024\/06\/13\/rozstrzygniecie-miedzyszkolnego-konkursu-multimedialnego-zapraszamy-do-plocka\/","title":{"rendered":"Rozstrzygni\u0119cie Mi\u0119dzyszkolnego Konkursu Multimedialnego &#8222;Zapraszamy do P\u0142ocka&#8221;"},"content":{"rendered":"<p><span style=\"color: #000000;\">\u201eZapraszamy do P\u0142ocka\u201d \u2013 to has\u0142o XVII edycji Mi\u0119dzyszkolnego Konkursu Multimedialnego. Uczniowie mogli wykona\u0107 prac\u0119 graficzn\u0105, film, animacj\u0119 lub stworzy\u0107 gr\u0119. Prace reprezentowa\u0142y bardzo wysoki poziom, a jury mia\u0142o nie\u0142atwe zadanie, aby wybra\u0107 najlepsze.<\/span><\/p>\n<p><span style=\"color: #000000;\">Oto laureaci konkursu w poszczeg\u00f3lnych kategoriach. <\/span><\/p>\n<p><span style=\"color: #000000;\">Gratulujemy zwyci\u0119stwa!<\/span><\/p>\n<p><span style=\"color: #000000;\"><strong>Grafika<\/strong><\/span><\/p>\n<p><span style=\"color: #000000;\"><strong>I miejsce<\/strong> \u2013 Anna G\u0119bka&nbsp;<\/span><\/p>\n<p><span style=\"color: #000000;\">Szko\u0142a Podstawowa z Oddzia\u0142ami Integracyjnymi nr 11 im. Boles\u0142awa Chrobrego w P\u0142ocku&nbsp;&nbsp;<\/span><\/p>\n<p><span style=\"color: #000000;\"><strong>II miejsce<\/strong> \u2013 Aleksander Sulkowski&nbsp;<\/span><\/p>\n<p><span style=\"color: #000000;\"> Szko\u0142a Podstawowa nr 14 im. prof. W\u0142adys\u0142awa Szafera w P\u0142ocku<\/span><\/p>\n<p><span style=\"color: #000000;\"><strong>III miejsce<\/strong> Anastazja Olbromska&nbsp;<\/span><\/p>\n<p><span style=\"color: #000000;\"> Pa\u0144stwowa Szko\u0142a Muzyczna I i II Stopnia im. Karola Szymanowskiego w P\u0142ocku&nbsp;<\/span><\/p>\n<p><span style=\"color: #000000;\"><strong>Wyr\u00f3\u017cnienie<\/strong> \u2013 Julian Sadowski&nbsp;<\/span><\/p>\n<p><span style=\"color: #000000;\"> Szko\u0142a Podstawowa z Oddzia\u0142ami Integracyjnymi nr 22 im. Janusza Korczaka w P\u0142ocku&nbsp;&nbsp;&nbsp;&nbsp;&nbsp;<\/span><\/p>\n<p>&nbsp;<\/p>\n<p><span style=\"color: #000000;\"><strong>Animacja, film, gra<\/strong><\/span><\/p>\n<p><span style=\"color: #000000;\"><strong>I miejsce<\/strong> \u2013 Adam Mroziewicz&nbsp;<\/span><\/p>\n<p><span style=\"color: #000000;\"> Szko\u0142a Podstawowa z Oddzia\u0142ami Dwuj\u0119zycznymi nr 3 im. Kornela Makuszy\u0144skiego w P\u0142ocku<\/span><\/p>\n<p><span style=\"color: #000000;\"><strong>II miejsce<\/strong> \u2013 Marika Szyma\u0144ska&nbsp;<\/span><\/p>\n<p><span style=\"color: #000000;\"> Szko\u0142a Podstawowa z Oddzia\u0142ami Integracyjnymi nr 22 im. Janusza Korczaka w P\u0142ocku<\/span><\/p>\n<p><span style=\"color: #000000;\"><strong>Wyr\u00f3\u017cnienie<\/strong> \u2013 Jakub Kowalski&nbsp;<\/span><\/p>\n<p><span style=\"color: #000000;\"> Szko\u0142a Podstawowa z Oddzia\u0142ami Integracyjnymi nr 23 im. Armii Krajowej w P\u0142ocku<\/span><\/p>\n<p><span style=\"color: #000000;\">Na laureat\u00f3w czeka\u0142y nagrody ufundowane przez Rad\u0119 Rodzic\u00f3w przy Szkole Podstawowej z Oddzia\u0142ami Integracyjnymi nr 22.<\/span><\/p>\n<p><span style=\"color: #000000;\">Nagrody wr\u0119czy\u0142a wicedyrektor szko\u0142y p. Marlena B\u0142achowicz oraz przewodnicz\u0105cy Rady Rodzic\u00f3w p. Przemys\u0142aw Zieli\u0144ski.<\/span><\/p>\n<p><span style=\"color: #000000;\">Organizatorami konkursu byli: I. Ko\u0142odziejska, I. Blank, C. Pi\u00f3rkowski.<\/span><\/p>\nngg_shortcode_0_placeholder\n","protected":false},"excerpt":{"rendered":"<p>&#46;&#46;&#46;<\/p>\n","protected":false},"author":4,"featured_media":6279,"comment_status":"open","ping_status":"open","sticky":false,"template":"","format":"standard","meta":{"ngg_post_thumbnail":0,"footnotes":""},"categories":[1],"tags":[],"class_list":["post-6278","post","type-post","status-publish","format-standard","has-post-thumbnail","hentry","category-wiadomosci"],"_links":{"self":[{"href":"https:\/\/sp22.pl\/nowa\/index.php\/wp-json\/wp\/v2\/posts\/6278","targetHints":{"allow":["GET"]}}],"collection":[{"href":"https:\/\/sp22.pl\/nowa\/index.php\/wp-json\/wp\/v2\/posts"}],"about":[{"href":"https:\/\/sp22.pl\/nowa\/index.php\/wp-json\/wp\/v2\/types\/post"}],"author":[{"embeddable":true,"href":"https:\/\/sp22.pl\/nowa\/index.php\/wp-json\/wp\/v2\/users\/4"}],"replies":[{"embeddable":true,"href":"https:\/\/sp22.pl\/nowa\/index.php\/wp-json\/wp\/v2\/comments?post=6278"}],"version-history":[{"count":4,"href":"https:\/\/sp22.pl\/nowa\/index.php\/wp-json\/wp\/v2\/posts\/6278\/revisions"}],"predecessor-version":[{"id":6283,"href":"https:\/\/sp22.pl\/nowa\/index.php\/wp-json\/wp\/v2\/posts\/6278\/revisions\/6283"}],"wp:featuredmedia":[{"embeddable":true,"href":"https:\/\/sp22.pl\/nowa\/index.php\/wp-json\/wp\/v2\/media\/6279"}],"wp:attachment":[{"href":"https:\/\/sp22.pl\/nowa\/index.php\/wp-json\/wp\/v2\/media?parent=6278"}],"wp:term":[{"taxonomy":"category","embeddable":true,"href":"https:\/\/sp22.pl\/nowa\/index.php\/wp-json\/wp\/v2\/categories?post=6278"},{"taxonomy":"post_tag","embeddable":true,"href":"https:\/\/sp22.pl\/nowa\/index.php\/wp-json\/wp\/v2\/tags?post=6278"}],"curies":[{"name":"wp","href":"https:\/\/api.w.org\/{rel}","templated":true}]}}