{"id":6244,"date":"2024-06-25T17:37:13","date_gmt":"2024-06-25T15:37:13","guid":{"rendered":"https:\/\/sp22.pl\/nowa\/?p=6244"},"modified":"2024-08-30T08:21:16","modified_gmt":"2024-08-30T06:21:16","slug":"zakonczenie-roku-szkolnego-2023-24-klasy-osme","status":"publish","type":"post","link":"https:\/\/sp22.pl\/nowa\/index.php\/2024\/06\/25\/zakonczenie-roku-szkolnego-2023-24-klasy-osme\/","title":{"rendered":"Zako\u0144czenie roku szkolnego 2023\/2024 &#8211; klasy \u00f3sme"},"content":{"rendered":"<p><span style=\"color: #000000;\">Dnia 21 czerwca 2024 r. w naszej szkole mia\u0142y miejsce dwie podnios\u0142e uroczysto\u015bci. Mury szko\u0142y opuszczali absolwenci klas \u00f3smych oraz wieloletni Dyrektor szko\u0142y \u2013 pan Janusz Banasiak.<\/span><\/p>\n<p><span style=\"color: #000000;\">Wydarzenie mia\u0142o bardzo uroczysty, a zarazem kameralny charakter. Zar\u00f3wno \u00f3smoklasi\u015bci, jak i pan Dyrektor mieli okazj\u0119 powspomina\u0107 ubieg\u0142e lata dzi\u0119ki prezentacji przygotowanej przez nauczycieli. W trakcie wydarzenia odby\u0142y si\u0119 liczne wyst\u0119py. Uczniowie z klasy 2A pi\u0119knie wyrecytowali po\u017cegnalny limeryk, nauczyciele \u2013 pani Ewelina Dzi\u0119gielewska oraz pan \u0141ukasz Grocki wraz ze szkolnym ch\u00f3rem TuTu oraz muzykami wykonali piosenk\u0119 pt. \u201ePo\u017cegnalny ton\u201d. Podzi\u0119kowaniom i wzruszeniom nie by\u0142o ko\u0144ca.<\/span><\/p>\n<p><span style=\"color: #000000;\">Ponadto, jak co roku zosta\u0142 wr\u0119czony Medal Janusza Korczaka Najlepszemu z Najlepszych. W tym roku medal zosta\u0142 przyznany Szymonowi \u015apiewli z klasy 8C.<\/span><\/p>\n<p><span style=\"color: #000000;\">Nasz\u0105 uroczysto\u015b\u0107 swoj\u0105 obecno\u015bci\u0105 u\u015bwietnili zacni go\u015bcie: Przewodnicz\u0105cy Rady Rodzic\u00f3w pan Przemys\u0142aw Zieli\u0144ski, Proboszcz Parafii \u015bw. Wojciecha ks. Jerzy \u0141awicki, rodzice absolwent\u00f3w, Dyrekcja oraz nauczyciele i pracownicy szko\u0142y.<\/span><\/p>\nngg_shortcode_0_placeholder\n","protected":false},"excerpt":{"rendered":"<p>&#46;&#46;&#46;<\/p>\n","protected":false},"author":4,"featured_media":6615,"comment_status":"open","ping_status":"open","sticky":false,"template":"","format":"standard","meta":{"ngg_post_thumbnail":0,"footnotes":""},"categories":[1],"tags":[],"class_list":["post-6244","post","type-post","status-publish","format-standard","has-post-thumbnail","hentry","category-wiadomosci"],"_links":{"self":[{"href":"https:\/\/sp22.pl\/nowa\/index.php\/wp-json\/wp\/v2\/posts\/6244","targetHints":{"allow":["GET"]}}],"collection":[{"href":"https:\/\/sp22.pl\/nowa\/index.php\/wp-json\/wp\/v2\/posts"}],"about":[{"href":"https:\/\/sp22.pl\/nowa\/index.php\/wp-json\/wp\/v2\/types\/post"}],"author":[{"embeddable":true,"href":"https:\/\/sp22.pl\/nowa\/index.php\/wp-json\/wp\/v2\/users\/4"}],"replies":[{"embeddable":true,"href":"https:\/\/sp22.pl\/nowa\/index.php\/wp-json\/wp\/v2\/comments?post=6244"}],"version-history":[{"count":2,"href":"https:\/\/sp22.pl\/nowa\/index.php\/wp-json\/wp\/v2\/posts\/6244\/revisions"}],"predecessor-version":[{"id":6612,"href":"https:\/\/sp22.pl\/nowa\/index.php\/wp-json\/wp\/v2\/posts\/6244\/revisions\/6612"}],"wp:featuredmedia":[{"embeddable":true,"href":"https:\/\/sp22.pl\/nowa\/index.php\/wp-json\/wp\/v2\/media\/6615"}],"wp:attachment":[{"href":"https:\/\/sp22.pl\/nowa\/index.php\/wp-json\/wp\/v2\/media?parent=6244"}],"wp:term":[{"taxonomy":"category","embeddable":true,"href":"https:\/\/sp22.pl\/nowa\/index.php\/wp-json\/wp\/v2\/categories?post=6244"},{"taxonomy":"post_tag","embeddable":true,"href":"https:\/\/sp22.pl\/nowa\/index.php\/wp-json\/wp\/v2\/tags?post=6244"}],"curies":[{"name":"wp","href":"https:\/\/api.w.org\/{rel}","templated":true}]}}