{"id":6224,"date":"2024-06-24T16:55:42","date_gmt":"2024-06-24T14:55:42","guid":{"rendered":"https:\/\/sp22.pl\/nowa\/?p=6224"},"modified":"2024-08-30T08:20:24","modified_gmt":"2024-08-30T06:20:24","slug":"zakonczenie-roku-szkolnego-2023-24-klas-3","status":"publish","type":"post","link":"https:\/\/sp22.pl\/nowa\/index.php\/2024\/06\/24\/zakonczenie-roku-szkolnego-2023-24-klas-3\/","title":{"rendered":"Zako\u0144czenie roku szkolnego 2023\/2024 &#8211; klasy trzecie"},"content":{"rendered":"<p><span style=\"color: #000000;\">21 czerwca 2024 r.&nbsp;w obecno\u015bci Dyrektora Szko\u0142y, zaproszonych Go\u015bci, Nauczycieli i Rodzic\u00f3w z edukacj\u0105 wczesnoszkoln\u0105 po\u017cegnali si\u0119 Uczniowie klas trzecich.&nbsp;<\/span><\/p>\n<p><span style=\"color: #000000;\">&nbsp;&nbsp;&nbsp;&nbsp;&nbsp;&nbsp;&nbsp;&nbsp; Uroczyste zako\u0144czenie roku szkolnego rozpocz\u0105\u0142 Pan Dyrektor- Janusz Banasiak, witaj\u0105c wszystkich zebranych, a w szczeg\u00f3lno\u015bci Uczni\u00f3w, Wychowawc\u00f3w i Rodzic\u00f3w. Podzi\u0119kowa\u0142 Im za trud i po\u015bwi\u0119cenie w\u0142o\u017cone w nauczanie i wychowanie Dzieci, a Uczniom \u017cyczy\u0142 dalszych sukces\u00f3w na kolejnym etapie edukacyjnym. Gratulacje i s\u0142owa podzi\u0119kowania skierowa\u0142 tak\u017ce do zebranych Przewodnicz\u0105cy Rady Rodzic\u00f3w- Pan Przemys\u0142aw Zieli\u0144ski.<\/span><\/p>\n<p><span style=\"color: #000000;\">&nbsp;&nbsp;&nbsp;&nbsp;&nbsp;&nbsp;&nbsp;&nbsp; Ostatni dzie\u0144 roku szkolnego to czas podsumowa\u0144, podzi\u0119kowa\u0144 i gratulacji. Podczas uroczysto\u015bci wszystkim Uczniom klas trzecich wr\u0119czono nagrody ksi\u0105\u017ckowe ufundowane przez Rad\u0119 Rodzic\u00f3w oraz dyplomy za szczeg\u00f3lne wyniki w nauce lub na pami\u0105tk\u0119 wsp\u00f3lnie sp\u0119dzonego czasu w klasach I-III. Ponadto nagrody ksi\u0105\u017ckowe i pami\u0105tkowe dyplomy otrzymali Uczniowie, kt\u00f3rzy brali udzia\u0142 i zdobywali wysokie lokaty w konkursach szkolnych i pozaszkolnych &#8211; Szkolnej Lidze Przedmiotowej, z edukacji polonistycznej i matematycznej, w Og\u00f3lnopolskiej Olimpiadzie Przedmiotowej&nbsp; ,,Olimpusek&#8221;, z edukacji polonistycznej, matematycznej i j\u0119zyka angielskiego, w Mi\u0119dzynarodowym Konkursie Kangur Matematyczny, w szkolnym konkursie ortograficznym ,,O Pi\u00f3ro Dyrektora Szko\u0142y\u201d. Pani Wicedyrektor- Marlena B\u0142achowicz, serdecznie pogratulowa\u0142a laureatom za godne reprezentowanie Szko\u0142y i odniesione sukcesy, Nauczycielom za przygotowanie Uczni\u00f3w oraz Rodzicom za zaanga\u017cowanie i wspieranie swoich Dzieci.<\/span><\/p>\n<p><span style=\"color: #000000;\">&nbsp;&nbsp;&nbsp;&nbsp;&nbsp;&nbsp;&nbsp;&nbsp; Na zako\u0144czenie uroczysto\u015bci zosta\u0142a przedstawiona kr\u00f3tka cz\u0119\u015b\u0107 artystyczna, kt\u00f3r\u0105&nbsp; u\u015bwietni\u0142y pokazy szkolnego zespo\u0142u tanecznego i wyst\u0119p wokalistki- Kornelii Szwech.<\/span><\/p>\n<p><span style=\"color: #000000;\">&nbsp;&nbsp;&nbsp;&nbsp;&nbsp;&nbsp;&nbsp;&nbsp; Nast\u0119pnie Uczniowie udali si\u0119 do sal lekcyjnych na ostatnie spotkanie z Wychowawcami.<\/span><\/p>\nngg_shortcode_0_placeholder\n","protected":false},"excerpt":{"rendered":"<p>&#46;&#46;&#46;<\/p>\n","protected":false},"author":4,"featured_media":6614,"comment_status":"open","ping_status":"open","sticky":false,"template":"","format":"standard","meta":{"ngg_post_thumbnail":0,"footnotes":""},"categories":[1],"tags":[],"class_list":["post-6224","post","type-post","status-publish","format-standard","has-post-thumbnail","hentry","category-wiadomosci"],"_links":{"self":[{"href":"https:\/\/sp22.pl\/nowa\/index.php\/wp-json\/wp\/v2\/posts\/6224","targetHints":{"allow":["GET"]}}],"collection":[{"href":"https:\/\/sp22.pl\/nowa\/index.php\/wp-json\/wp\/v2\/posts"}],"about":[{"href":"https:\/\/sp22.pl\/nowa\/index.php\/wp-json\/wp\/v2\/types\/post"}],"author":[{"embeddable":true,"href":"https:\/\/sp22.pl\/nowa\/index.php\/wp-json\/wp\/v2\/users\/4"}],"replies":[{"embeddable":true,"href":"https:\/\/sp22.pl\/nowa\/index.php\/wp-json\/wp\/v2\/comments?post=6224"}],"version-history":[{"count":5,"href":"https:\/\/sp22.pl\/nowa\/index.php\/wp-json\/wp\/v2\/posts\/6224\/revisions"}],"predecessor-version":[{"id":6611,"href":"https:\/\/sp22.pl\/nowa\/index.php\/wp-json\/wp\/v2\/posts\/6224\/revisions\/6611"}],"wp:featuredmedia":[{"embeddable":true,"href":"https:\/\/sp22.pl\/nowa\/index.php\/wp-json\/wp\/v2\/media\/6614"}],"wp:attachment":[{"href":"https:\/\/sp22.pl\/nowa\/index.php\/wp-json\/wp\/v2\/media?parent=6224"}],"wp:term":[{"taxonomy":"category","embeddable":true,"href":"https:\/\/sp22.pl\/nowa\/index.php\/wp-json\/wp\/v2\/categories?post=6224"},{"taxonomy":"post_tag","embeddable":true,"href":"https:\/\/sp22.pl\/nowa\/index.php\/wp-json\/wp\/v2\/tags?post=6224"}],"curies":[{"name":"wp","href":"https:\/\/api.w.org\/{rel}","templated":true}]}}